{"id":1036,"date":"2013-03-21T16:29:17","date_gmt":"2013-03-21T15:29:17","guid":{"rendered":"http:\/\/www.lodenicaKVS.sk\/?p=1036"},"modified":"2020-02-14T00:53:13","modified_gmt":"2020-02-13T23:53:13","slug":"otvaranie-vodackej-sezony-2013","status":"publish","type":"post","link":"https:\/\/www.lodenicaKVS.sk\/?p=1036","title":{"rendered":"Otv\u00e1ranie Vod\u00e1ckej sez\u00f3ny 2013"},"content":{"rendered":"\n<p class=\"has-drop-cap wp-block-paragraph\">1.Otv\u00e1ranie Vod\u00e1ckej sez\u00f3ny bolo &#8222;\u00faspe\u0161ne&#8220; uskuto\u010dnen\u00e9! Bolo n\u00e1s nakoniec na 8x C2 iba 14 \u013eud\u00ed.\u00a0Nebola to \u017eiadna prech\u00e1dzka!<\/p>\n\n\n\n<p class=\"has-drop-cap wp-block-paragraph\">2.Z druhej str\u00e1nky ako &#8222;z\u00e1\u0165a\u017eov\u00ed sk\u00fa\u0161obn\u00ed jazdci&#8220;, a pre bud\u00face v\u00fdstra\u017en\u00e9 a pou\u010dn\u00e9 historky pri t\u00e1borov\u00fdch oh\u0148och to bolo v\u00fdborn\u00e9.\u00a0Bol to poriadny masaker s vetrom od 17- 23m\/s v n\u00e1razoch= 82km\/hod!\u00a0Stav Moravy 150m3, voda +2,2 &#8211; 2,5\u00baC,vzduch +3\u00baC- slne\u010dno a siln\u00fd vietor.<\/p>\n\n\n\n<p class=\"has-drop-cap wp-block-paragraph\">3. Splavili sme to od \u00fastia Maliny, km.11 na Morave- iba do s\u00fatoku v Dev\u00edne.\u00a0Celkom mi od\u013eahlo, \u017ee sme nei\u0161li \u010falej Dunajom.\u00a0Dve pos\u00e1dky C2 to &#8222;pl\u00ed\u017een\u00edm&#8220; Dev\u00ednskym a Karlovesk\u00fdm ramenom predsa len dok\u00e1zali!<\/p>\n\n\n\n<p class=\"has-drop-cap wp-block-paragraph\">4. U\u017e je to tak,\u017ee v tejto glob\u00e1lnej zmene kl\u00edmy treba ostra\u017eito sledova\u0165 meteorol\u00f3giu, a najm\u00e4 vietor!\u00a0Po\u010fakovanie na z\u00e1ver patr\u00ed Z.Hricovej za organiz\u00e1ciu, a v\u0161etk\u00fdm \u00fa\u010dastn\u00edkom za neboj\u00e1cny a technicky ve\u013emi n\u00e1ro\u010dn\u00fd v\u00fdkon!<\/p>\n\n\n\n<p class=\"wp-block-paragraph\">B.r.<\/p>\n\n\n\n<p class=\"has-text-align-right wp-block-paragraph\"><em>PS<\/em><\/p>\n\n\n\n<p class=\"wp-block-paragraph\">Oh\u013eadom obrazovej str\u00e1nky akcie klik na:<br><a href=\"https:\/\/picasaweb.google.com\/aveslova\/20130317NarocneOtvaranieVodSezonyNaMorave?authkey=Gv1sRgCMqIiK25rbHcaA#\" target=\"_blank\" rel=\"noreferrer noopener\">https:\/\/picasaweb.google.com\/aveslova\/20130317NarocneOtvaranieVodSezonyNaMorave?authkey=Gv1sRgCMqIiK25rbHcaA#<\/a><\/p>\n","protected":false},"excerpt":{"rendered":"<p>1.Otv\u00e1ranie Vod\u00e1ckej sez\u00f3ny bolo &#8222;\u00faspe\u0161ne&#8220; uskuto\u010dnen\u00e9! Bolo n\u00e1s nakoniec na 8x C2 iba 14 \u013eud\u00ed.\u00a0Nebola to \u017eiadna prech\u00e1dzka! 2.Z druhej str\u00e1nky ako &#8222;z\u00e1\u0165a\u017eov\u00ed sk\u00fa\u0161obn\u00ed jazdci&#8220;, a pre bud\u00face v\u00fdstra\u017en\u00e9 a pou\u010dn\u00e9 historky pri t\u00e1borov\u00fdch oh\u0148och to bolo v\u00fdborn\u00e9.\u00a0Bol to poriadny masaker s vetrom od 17- 23m\/s v n\u00e1razoch= 82km\/hod!\u00a0Stav Moravy 150m3, voda +2,2 &#8211; 2,5\u00baC,vzduch&hellip;&nbsp;<a href=\"https:\/\/www.lodenicaKVS.sk\/?p=1036\" rel=\"bookmark\">\u010c\u00edta\u0165 viac &raquo;<span class=\"screen-reader-text\">Otv\u00e1ranie Vod\u00e1ckej sez\u00f3ny 2013<\/span><\/a><\/p>\n","protected":false},"author":1,"featured_media":2836,"comment_status":"open","ping_status":"open","sticky":false,"template":"templates\/template-cover.php","format":"standard","meta":{"_crdt_document":"","advgb_blocks_editor_width":"","advgb_blocks_columns_visual_guide":"","neve_meta_sidebar":"","neve_meta_container":"","neve_meta_enable_content_width":"","neve_meta_content_width":0,"neve_meta_title_alignment":"","neve_meta_author_avatar":"","neve_post_elements_order":"","neve_meta_disable_header":"","neve_meta_disable_footer":"","neve_meta_disable_title":"","footnotes":""},"categories":[5],"tags":[],"class_list":["post-1036","post","type-post","status-publish","format-standard","has-post-thumbnail","hentry","category-archiv"],"author_meta":{"display_name":"keysho","author_link":"https:\/\/www.lodenicaKVS.sk\/?author=1"},"featured_img":"https:\/\/www.lodenicaKVS.sk\/wp-content\/uploads\/2015\/03\/icons8-pastel-512-e1580701492684-300x300.png","coauthors":[],"tax_additional":{"categories":{"linked":["<a href=\"https:\/\/www.lodenicaKVS.sk\/?cat=5\" class=\"advgb-post-tax-term\">KV\u0160<\/a>"],"unlinked":["<span class=\"advgb-post-tax-term\">KV\u0160<\/span>"]}},"comment_count":"0","relative_dates":{"created":"Posted 13 rokov ago","modified":"Updated 6 rokov ago"},"absolute_dates":{"created":"Posted on 21.03.2013","modified":"Updated on 14.02.2020"},"absolute_dates_time":{"created":"Posted on 21.03.2013 16:29","modified":"Updated on 14.02.2020 00:53"},"featured_img_caption":"","series_order":"","_links":{"self":[{"href":"https:\/\/www.lodenicaKVS.sk\/index.php?rest_route=\/wp\/v2\/posts\/1036","targetHints":{"allow":["GET"]}}],"collection":[{"href":"https:\/\/www.lodenicaKVS.sk\/index.php?rest_route=\/wp\/v2\/posts"}],"about":[{"href":"https:\/\/www.lodenicaKVS.sk\/index.php?rest_route=\/wp\/v2\/types\/post"}],"author":[{"embeddable":true,"href":"https:\/\/www.lodenicaKVS.sk\/index.php?rest_route=\/wp\/v2\/users\/1"}],"replies":[{"embeddable":true,"href":"https:\/\/www.lodenicaKVS.sk\/index.php?rest_route=%2Fwp%2Fv2%2Fcomments&post=1036"}],"version-history":[{"count":9,"href":"https:\/\/www.lodenicaKVS.sk\/index.php?rest_route=\/wp\/v2\/posts\/1036\/revisions"}],"predecessor-version":[{"id":2913,"href":"https:\/\/www.lodenicaKVS.sk\/index.php?rest_route=\/wp\/v2\/posts\/1036\/revisions\/2913"}],"wp:featuredmedia":[{"embeddable":true,"href":"https:\/\/www.lodenicaKVS.sk\/index.php?rest_route=\/wp\/v2\/media\/2836"}],"wp:attachment":[{"href":"https:\/\/www.lodenicaKVS.sk\/index.php?rest_route=%2Fwp%2Fv2%2Fmedia&parent=1036"}],"wp:term":[{"taxonomy":"category","embeddable":true,"href":"https:\/\/www.lodenicaKVS.sk\/index.php?rest_route=%2Fwp%2Fv2%2Fcategories&post=1036"},{"taxonomy":"post_tag","embeddable":true,"href":"https:\/\/www.lodenicaKVS.sk\/index.php?rest_route=%2Fwp%2Fv2%2Ftags&post=1036"}],"curies":[{"name":"wp","href":"https:\/\/api.w.org\/{rel}","templated":true}]}}