{"id":1333,"date":"2013-04-09T00:25:34","date_gmt":"2013-04-08T22:25:34","guid":{"rendered":"http:\/\/www.lodenicaKVS.sk\/?p=1333"},"modified":"2020-02-14T00:43:23","modified_gmt":"2020-02-13T23:43:23","slug":"den-otvorenych-dveri-v-lodenici-kvs","status":"publish","type":"post","link":"https:\/\/www.lodenicaKVS.sk\/?p=1333","title":{"rendered":"De\u0148 otvoren\u00fdch dver\u00ed v Lodenici KV\u0160"},"content":{"rendered":"<p>Najv\u00e4\u010d\u0161\u00ed z\u00e1ujem o \u010dlnkovanie na Karloveskom ramene mali deti, dospel\u00ed sa osmelili nesk\u00f4r. Tak\u00e1 bola sobota 6. apr\u00edla po\u010das D\u0148a otvoren\u00fdch dver\u00ed v Lodenici KV\u0160 Karlova Ves. Deti sa zauj\u00edmali ak\u00e9 n\u00e1strahy na te\u010d\u00facej vode hrozia, \u010di je to bezpe\u010dn\u00e9, mal\u00e1 zvedav\u00e1 Lea sa napr\u00edklad zauj\u00edmala, \u010di s\u00fa vod\u00e1ci, ktor\u00ed ich maj\u00fa povozi\u0165 sk\u00fasen\u00ed. Samozrejme v Lodenici vybrali na vozenie po Karloveskom ramene t\u00fdch najsk\u00fasenej\u0161\u00edch a na ve\u013ek\u00fa rados\u0165 v\u0161etk\u00fdch vy\u0161lo popoludn\u00ed aj slnie\u010dko a na vode bolo veselo. \u010clnkovanie niektor\u00fdch naozaj oslovilo a rodi\u010dia sa hne\u010f zauj\u00edmali o mo\u017enos\u0165 prihl\u00e1si\u0165 sa do Klubu vodn\u00fdch \u0161portov. Niektor\u00e9 deti za\u010dn\u00fa chodi\u0165 do kurzov, ktor\u00e9 Lodenica organizuje pre z\u00e1ujemcov o tento \u0161port od apr\u00edla.<\/p>\n<p><a href=\"http:\/\/www.lodenicaKVS.sk\/wp-content\/uploads\/2013\/04\/20130409-0019131.jpg\"><img decoding=\"async\" class=\"alignnone size-full\" src=\"http:\/\/www.lodenicaKVS.sk\/wp-content\/uploads\/2013\/04\/20130409-0019131.jpg\" alt=\"20130409-001913.jpg\"><\/a><\/p>\n<p>V\u0161etci z\u00e1ujemcovia o \u010dlnkovanie, deti aj dospel\u00ed boli na vodu riadne vystrojen\u00ed.<\/p>\n<p><a href=\"http:\/\/www.lodenicaKVS.sk\/wp-content\/uploads\/2013\/04\/20130409-0020421.jpg\"><img decoding=\"async\" class=\"alignnone size-full\" src=\"http:\/\/www.lodenicaKVS.sk\/wp-content\/uploads\/2013\/04\/20130409-0020421.jpg\" alt=\"20130409-002042.jpg\"><\/a><\/p>\n<p>Lea a \u013dudo z L\u00ed\u0161\u010dieho \u00fadolia sa zrejme stan\u00fa vod\u00e1kmi.<\/p>\n<p><a href=\"http:\/\/www.lodenicaKVS.sk\/wp-content\/uploads\/2013\/04\/20130409-0021561.jpg\"><img decoding=\"async\" class=\"alignnone size-full\" src=\"http:\/\/www.lodenicaKVS.sk\/wp-content\/uploads\/2013\/04\/20130409-0021561.jpg\" alt=\"20130409-002156.jpg\"><\/a><\/p>\n<p>Na De\u0148 otvoren\u00fdch dver\u00ed do lodenice nepri\u0161li len Karlove\u0161\u0165ania. Na sn\u00edmke Andrea z Nov\u00e9ho Mesta a Mi\u0161o z Dev\u00ednskej Novej Vsi.<\/p>\n","protected":false},"excerpt":{"rendered":"<p>Najv\u00e4\u010d\u0161\u00ed z\u00e1ujem o \u010dlnkovanie na Karloveskom ramene mali deti, dospel\u00ed sa osmelili nesk\u00f4r. Tak\u00e1 bola sobota 6. apr\u00edla po\u010das D\u0148a otvoren\u00fdch dver\u00ed v Lodenici KV\u0160 Karlova Ves. Deti sa zauj\u00edmali ak\u00e9 n\u00e1strahy na te\u010d\u00facej vode hrozia, \u010di je to bezpe\u010dn\u00e9, mal\u00e1 zvedav\u00e1 Lea sa napr\u00edklad zauj\u00edmala, \u010di s\u00fa vod\u00e1ci, ktor\u00ed ich maj\u00fa povozi\u0165 sk\u00fasen\u00ed. Samozrejme&hellip;&nbsp;<a href=\"https:\/\/www.lodenicaKVS.sk\/?p=1333\" rel=\"bookmark\">\u010c\u00edta\u0165 viac &raquo;<span class=\"screen-reader-text\">De\u0148 otvoren\u00fdch dver\u00ed v Lodenici KV\u0160<\/span><\/a><\/p>\n","protected":false},"author":1,"featured_media":0,"comment_status":"open","ping_status":"open","sticky":false,"template":"templates\/template-cover.php","format":"standard","meta":{"_crdt_document":"","advgb_blocks_editor_width":"","advgb_blocks_columns_visual_guide":"","neve_meta_sidebar":"","neve_meta_container":"","neve_meta_enable_content_width":"","neve_meta_content_width":0,"neve_meta_title_alignment":"","neve_meta_author_avatar":"","neve_post_elements_order":"","neve_meta_disable_header":"","neve_meta_disable_footer":"","neve_meta_disable_title":"","footnotes":""},"categories":[5,4],"tags":[],"class_list":["post-1333","post","type-post","status-publish","format-standard","hentry","category-archiv","category-verejnost"],"author_meta":{"display_name":"keysho","author_link":"https:\/\/www.lodenicaKVS.sk\/?author=1"},"featured_img":null,"coauthors":[],"tax_additional":{"categories":{"linked":["<a href=\"https:\/\/www.lodenicaKVS.sk\/?cat=5\" class=\"advgb-post-tax-term\">KV\u0160<\/a>","<a href=\"https:\/\/www.lodenicaKVS.sk\/?cat=4\" class=\"advgb-post-tax-term\">Verejnos\u0165<\/a>"],"unlinked":["<span class=\"advgb-post-tax-term\">KV\u0160<\/span>","<span class=\"advgb-post-tax-term\">Verejnos\u0165<\/span>"]}},"comment_count":"0","relative_dates":{"created":"Posted 13 rokov ago","modified":"Updated 6 rokov ago"},"absolute_dates":{"created":"Posted on 09.04.2013","modified":"Updated on 14.02.2020"},"absolute_dates_time":{"created":"Posted on 09.04.2013 00:25","modified":"Updated on 14.02.2020 00:43"},"featured_img_caption":"","series_order":"","_links":{"self":[{"href":"https:\/\/www.lodenicaKVS.sk\/index.php?rest_route=\/wp\/v2\/posts\/1333","targetHints":{"allow":["GET"]}}],"collection":[{"href":"https:\/\/www.lodenicaKVS.sk\/index.php?rest_route=\/wp\/v2\/posts"}],"about":[{"href":"https:\/\/www.lodenicaKVS.sk\/index.php?rest_route=\/wp\/v2\/types\/post"}],"author":[{"embeddable":true,"href":"https:\/\/www.lodenicaKVS.sk\/index.php?rest_route=\/wp\/v2\/users\/1"}],"replies":[{"embeddable":true,"href":"https:\/\/www.lodenicaKVS.sk\/index.php?rest_route=%2Fwp%2Fv2%2Fcomments&post=1333"}],"version-history":[{"count":10,"href":"https:\/\/www.lodenicaKVS.sk\/index.php?rest_route=\/wp\/v2\/posts\/1333\/revisions"}],"predecessor-version":[{"id":2910,"href":"https:\/\/www.lodenicaKVS.sk\/index.php?rest_route=\/wp\/v2\/posts\/1333\/revisions\/2910"}],"wp:attachment":[{"href":"https:\/\/www.lodenicaKVS.sk\/index.php?rest_route=%2Fwp%2Fv2%2Fmedia&parent=1333"}],"wp:term":[{"taxonomy":"category","embeddable":true,"href":"https:\/\/www.lodenicaKVS.sk\/index.php?rest_route=%2Fwp%2Fv2%2Fcategories&post=1333"},{"taxonomy":"post_tag","embeddable":true,"href":"https:\/\/www.lodenicaKVS.sk\/index.php?rest_route=%2Fwp%2Fv2%2Ftags&post=1333"}],"curies":[{"name":"wp","href":"https:\/\/api.w.org\/{rel}","templated":true}]}}