{"id":1350,"date":"2013-04-20T20:37:47","date_gmt":"2013-04-20T18:37:47","guid":{"rendered":"http:\/\/www.lodenicaKVS.sk\/?p=1350"},"modified":"2020-02-14T00:36:55","modified_gmt":"2020-02-13T23:36:55","slug":"vodacke-vycviky-pre-verejnost","status":"publish","type":"post","link":"https:\/\/www.lodenicaKVS.sk\/?p=1350","title":{"rendered":"Vod\u00e1cke v\u00fdcviky pre verejnos\u0165"},"content":{"rendered":"\n<p class=\"wp-block-paragraph\">Po \u00faspe\u0161nom podujat\u00ed De\u0148 otvoren\u00fdch dver\u00ed sa v Lodenici KV\u0160 za\u010dali v\u00fdcviky pre z\u00e1ujemcov o vodn\u00e9 \u0161porty. Rodi\u010dia m\u00f4\u017eu do kurzov pod veden\u00edm sk\u00fasen\u00fdch vod\u00e1kov, ktor\u00e9 potrvaj\u00fa a\u017e do konca j\u00fana, prihl\u00e1si\u0165 aj deti.<br>V\u00fdcvik pre dospel\u00fdch sa kon\u00e1 ka\u017ed\u00fd utorok od 16.30 do 19.00 h a prihl\u00e1si\u0165 sa mo\u017eno na telef\u00f3nnom \u010d\u00edsle: 0903\/615990.<br>V\u00fdcvik pre deti je ka\u017ed\u00fd \u0161tvrtok , tie\u017e od 16.30 do 19.00 h. Prihl\u00e1si\u0165 sa mo\u017eno na telef\u00f3nnom \u010d\u00edsle: 0907\/236703.<\/p>\n\n\n\n<figure class=\"wp-block-image\"><a href=\"http:\/\/www.lodenicaKVS.sk\/wp-content\/uploads\/2013\/04\/20130420-203857.jpg\"><img decoding=\"async\" src=\"http:\/\/www.lodenicaKVS.sk\/wp-content\/uploads\/2013\/04\/20130420-203857.jpg\" alt=\"20130420-203857.jpg\"\/><\/a><\/figure>\n\n\n\n<figure class=\"wp-block-image\"><a href=\"http:\/\/www.lodenicaKVS.sk\/wp-content\/uploads\/2013\/04\/20130420-203911.jpg\"><img decoding=\"async\" src=\"http:\/\/www.lodenicaKVS.sk\/wp-content\/uploads\/2013\/04\/20130420-203911.jpg\" alt=\"20130420-203911.jpg\"\/><\/a><\/figure>\n\n\n\n<figure class=\"wp-block-image\"><a href=\"http:\/\/www.lodenicaKVS.sk\/wp-content\/uploads\/2013\/04\/20130420-203919.jpg\"><img decoding=\"async\" src=\"http:\/\/www.lodenicaKVS.sk\/wp-content\/uploads\/2013\/04\/20130420-203919.jpg\" alt=\"20130420-203919.jpg\"\/><\/a><\/figure>\n\n\n\n<p class=\"wp-block-paragraph\">P\u00e4tn\u00e1s\u0165 det\u00ed absolvovalo vod\u00e1cky v\u00fdcvik minul\u00fd rok, ktor\u00fd v j\u00fani zav\u0155\u0161ili splavom po kr\u00e1snych ma\u010farsk\u00fdch ramen\u00e1ch Dunaja.<\/p>\n","protected":false},"excerpt":{"rendered":"<p>Po \u00faspe\u0161nom podujat\u00ed De\u0148 otvoren\u00fdch dver\u00ed sa v Lodenici KV\u0160 za\u010dali v\u00fdcviky pre z\u00e1ujemcov o vodn\u00e9 \u0161porty. Rodi\u010dia m\u00f4\u017eu do kurzov pod veden\u00edm sk\u00fasen\u00fdch vod\u00e1kov, ktor\u00e9 potrvaj\u00fa a\u017e do konca j\u00fana, prihl\u00e1si\u0165 aj deti.V\u00fdcvik pre dospel\u00fdch sa kon\u00e1 ka\u017ed\u00fd utorok od 16.30 do 19.00 h a prihl\u00e1si\u0165 sa mo\u017eno na telef\u00f3nnom \u010d\u00edsle: 0903\/615990.V\u00fdcvik pre deti&hellip;&nbsp;<a href=\"https:\/\/www.lodenicaKVS.sk\/?p=1350\" rel=\"bookmark\">\u010c\u00edta\u0165 viac &raquo;<span class=\"screen-reader-text\">Vod\u00e1cke v\u00fdcviky pre verejnos\u0165<\/span><\/a><\/p>\n","protected":false},"author":1,"featured_media":0,"comment_status":"open","ping_status":"open","sticky":false,"template":"","format":"standard","meta":{"_crdt_document":"","advgb_blocks_editor_width":"","advgb_blocks_columns_visual_guide":"","neve_meta_sidebar":"","neve_meta_container":"","neve_meta_enable_content_width":"","neve_meta_content_width":0,"neve_meta_title_alignment":"","neve_meta_author_avatar":"","neve_post_elements_order":"","neve_meta_disable_header":"","neve_meta_disable_footer":"","neve_meta_disable_title":"","footnotes":""},"categories":[5,4],"tags":[],"class_list":["post-1350","post","type-post","status-publish","format-standard","hentry","category-archiv","category-verejnost"],"author_meta":{"display_name":"keysho","author_link":"https:\/\/www.lodenicaKVS.sk\/?author=1"},"featured_img":null,"coauthors":[],"tax_additional":{"categories":{"linked":["<a href=\"https:\/\/www.lodenicaKVS.sk\/?cat=5\" class=\"advgb-post-tax-term\">KV\u0160<\/a>","<a href=\"https:\/\/www.lodenicaKVS.sk\/?cat=4\" class=\"advgb-post-tax-term\">Verejnos\u0165<\/a>"],"unlinked":["<span class=\"advgb-post-tax-term\">KV\u0160<\/span>","<span class=\"advgb-post-tax-term\">Verejnos\u0165<\/span>"]}},"comment_count":"0","relative_dates":{"created":"Posted 13 rokov ago","modified":"Updated 6 rokov ago"},"absolute_dates":{"created":"Posted on 20.04.2013","modified":"Updated on 14.02.2020"},"absolute_dates_time":{"created":"Posted on 20.04.2013 20:37","modified":"Updated on 14.02.2020 00:36"},"featured_img_caption":"","series_order":"","_links":{"self":[{"href":"https:\/\/www.lodenicaKVS.sk\/index.php?rest_route=\/wp\/v2\/posts\/1350","targetHints":{"allow":["GET"]}}],"collection":[{"href":"https:\/\/www.lodenicaKVS.sk\/index.php?rest_route=\/wp\/v2\/posts"}],"about":[{"href":"https:\/\/www.lodenicaKVS.sk\/index.php?rest_route=\/wp\/v2\/types\/post"}],"author":[{"embeddable":true,"href":"https:\/\/www.lodenicaKVS.sk\/index.php?rest_route=\/wp\/v2\/users\/1"}],"replies":[{"embeddable":true,"href":"https:\/\/www.lodenicaKVS.sk\/index.php?rest_route=%2Fwp%2Fv2%2Fcomments&post=1350"}],"version-history":[{"count":5,"href":"https:\/\/www.lodenicaKVS.sk\/index.php?rest_route=\/wp\/v2\/posts\/1350\/revisions"}],"predecessor-version":[{"id":2903,"href":"https:\/\/www.lodenicaKVS.sk\/index.php?rest_route=\/wp\/v2\/posts\/1350\/revisions\/2903"}],"wp:attachment":[{"href":"https:\/\/www.lodenicaKVS.sk\/index.php?rest_route=%2Fwp%2Fv2%2Fmedia&parent=1350"}],"wp:term":[{"taxonomy":"category","embeddable":true,"href":"https:\/\/www.lodenicaKVS.sk\/index.php?rest_route=%2Fwp%2Fv2%2Fcategories&post=1350"},{"taxonomy":"post_tag","embeddable":true,"href":"https:\/\/www.lodenicaKVS.sk\/index.php?rest_route=%2Fwp%2Fv2%2Ftags&post=1350"}],"curies":[{"name":"wp","href":"https:\/\/api.w.org\/{rel}","templated":true}]}}