{"id":1360,"date":"2013-04-24T00:25:14","date_gmt":"2013-04-23T22:25:14","guid":{"rendered":"http:\/\/www.lodenicaKVS.sk\/?p=1360"},"modified":"2020-02-14T00:36:20","modified_gmt":"2020-02-13T23:36:20","slug":"51-vodacke-orientacne-preteky-na-dunaji","status":"publish","type":"post","link":"https:\/\/www.lodenicaKVS.sk\/?p=1360","title":{"rendered":"51. Vod\u00e1cke orienta\u010dn\u00e9 preteky na Dunaji"},"content":{"rendered":"\n<h2 class=\"wp-block-heading\">51. VOD\u00c1CKE ORIENTA\u010cN\u00c9 PRETEKY NA DUNAJI<br>O PUTOVN\u00dd POH\u00c1R PETRA JANO\u0160OVI\u010cA<\/h2>\n\n\n\n<p class=\"wp-block-paragraph\">Mil\u00ed priatelia vod\u00e1ci!<\/p>\n\n\n\n<p class=\"wp-block-paragraph\">Vod\u00e1cke orienta\u010dn\u00e9 preteky s\u00fa od roku 1963 ka\u017edoro\u010dne usporad\u00favan\u00e9 v n\u00e1dhern\u00fdch aromantick\u00fdch ramen\u00e1ch Dunaja, ktor\u00e9 v\u010faka vodn\u00e9mu dielu Gab\u010d\u00edkovo znova o\u017eili a st\u00e1vaj\u00fa sa miestom \u0161portov\u00e9ho vy\u017eitia a romantick\u00fdch stretnut\u00ed. Tieto preteky dokazuj\u00fa, \u017ee je mo\u017en\u00e9 \u00faspe\u0161ne spoji\u0165 orienta\u010dn\u00e9 prvky s vod\u00e1ckou zdatnos\u0165ou.<\/p>\n\n\n\n<p class=\"wp-block-paragraph\">Vod\u00e1cke orienta\u010dn\u00e9 preteky s\u00fa ur\u010den\u00e9 vod\u00e1kom a turistom z radov ml\u00e1de\u017ee aj dospel\u00fdch pri rovnosti podmienok s\u00fa\u0165a\u017ee. Pravidl\u00e1 pretekov s\u00fa jednoduch\u00e9 a zladen\u00e9 so zvl\u00e1\u0161tnos\u0165ami ter\u00e9nu a plavidiel.<\/p>\n\n\n\n<h3 class=\"wp-block-heading\">PROGRAM:<\/h3>\n\n\n\n<p class=\"wp-block-paragraph\">18. m\u00e1ja 2013 &#8211; sobota<\/p>\n\n\n\n<ul class=\"wp-block-list\"><li>15,00 &#8211; zraz pretek\u00e1rov a prezent\u00e1cia<\/li><li>16,00 &#8211; \u0161tart pretekov<\/li><li>20,00 &#8211; ukon\u010denie pretekov<\/li><\/ul>\n\n\n\n<p class=\"wp-block-paragraph\">19. m\u00e1ja 2013 &#8211; nede\u013ea<\/p>\n\n\n\n<ul class=\"wp-block-list\"><li>12,00 &#8211;&nbsp;vyhl\u00e1senie v\u00fdsledkov<\/li><li>14,00 &#8211;&nbsp;odchod na lodiach do Gab\u010d\u00edkova<\/li><li>16,00 &#8211;&nbsp;odchod autobusu do Bratislavy<\/li><\/ul>\n\n\n\n<h2 class=\"wp-block-heading\">PROPOZ\u00cdCIE:<\/h2>\n\n\n\n<p class=\"wp-block-paragraph\">Usporiadatelia:<\/p>\n\n\n\n<ul class=\"wp-block-list\"><li>VK TATRAN Karlova Ves<\/li><li>Kanoistick\u00fd klub Karlova Ves<\/li><li>Klub vodn\u00fdch \u0161portov Karlova Ves<\/li><li>VK Dunaj\u010d\u00edk<\/li><\/ul>\n\n\n\n<p class=\"wp-block-paragraph\">Term\u00edn pretekov: sobota 18. m\u00e1ja 2013<\/p>\n\n\n\n<p class=\"wp-block-paragraph\">Zraz pretek\u00e1rov:<\/p>\n\n\n\n<p class=\"wp-block-paragraph\">18. m\u00e1ja 2013 o 15,00 hodine na t\u00e1borisku v dunajskom ramene (1825,2 rkm). T\u00e1borisko bude na toku star\u00e9ho koryta Dunaja ozna\u010den\u00e9 (Zelen\u00e1 lag\u00fana &#8211; b\u00fdval\u00e1 spodn\u00e1 bod\u00edcka br\u00e1na).<\/p>\n\n\n\n<p class=\"wp-block-paragraph\">Prihl\u00e1\u0161ky:<\/p>\n\n\n\n<p class=\"wp-block-paragraph\">Pros\u00edme zasla\u0165 na adresu:<\/p>\n\n\n\n<p class=\"wp-block-paragraph\">Pavel Horv\u00e1th<br>Ad\u00e1miho 26, 841 05 Bratislava<br>tel. 02\/64770320, 0903509948<br>e-mail: horvathovaj@bratislava.sk,&nbsp;hricova@fajnorka.sk<\/p>\n\n\n\n<p class=\"wp-block-paragraph\">Neprihl\u00e1sen\u00fdm \u00fa\u010dastn\u00edkom nezaru\u010dujeme dopravu.<\/p>\n\n\n\n<p class=\"wp-block-paragraph\"><strong>Stravovanie a ubytovanie:&nbsp;<\/strong>Z vlastn\u00fdch z\u00e1sob a vo vlastn\u00fdch stanoch.<\/p>\n\n\n\n<p class=\"wp-block-paragraph\"><strong>Doprava pretek\u00e1rov a lod\u00ed:<\/strong>&nbsp;Usporiadate\u013e zabezpe\u010duje len dopravu pretek\u00e1rov a lod\u00ed po skon\u010den\u00ed pretekov z pr\u00edstavu Gab\u010d\u00edkovo do Bratislavy.<\/p>\n\n\n\n<p class=\"wp-block-paragraph\"><strong>Vystrojenie pos\u00e1dky:<\/strong>&nbsp;Plavidlo mus\u00ed by\u0165 zabezpe\u010den\u00e9 proti potopeniu, potrebn\u00e9 s\u00fa orienta\u010dn\u00e9 pom\u00f4cky. Pre pohyb v ter\u00e9ne doporu\u010dujeme dlh\u00e9 pl\u00e1tenn\u00e9 nohavice, tri\u010dko s dlh\u00fdmi ruk\u00e1vmi a \u0161portov\u00fa obuv.<\/p>\n\n\n\n<p class=\"wp-block-paragraph\"><strong>Bezpe\u010dnostn\u00e9 predpisy:<\/strong>&nbsp;\u00da\u010dastn\u00edci pretekov musia by\u0165 dobr\u00fdmi plavcami a \u0161tartuj\u00fa na vlastn\u00e9 nebezpe\u010denstvo. Po\u010das plavby z Bratislavy na t\u00e1borisko a \u0161tart pretekov s\u00fa povinn\u00ed ma\u0165 pl\u00e1vacie vesty a prisp\u00f4sobi\u0165 plavbu poveternostn\u00fdm podmienkam, najm\u00e4 pri pren\u00e1\u0161an\u00ed plavidiel do star\u00e9ho koryta Dunaja v oblasti hr\u00e1dze \u010cunovo.<\/p>\n","protected":false},"excerpt":{"rendered":"<p>51. VOD\u00c1CKE ORIENTA\u010cN\u00c9 PRETEKY NA DUNAJIO PUTOVN\u00dd POH\u00c1R PETRA JANO\u0160OVI\u010cA Mil\u00ed priatelia vod\u00e1ci! Vod\u00e1cke orienta\u010dn\u00e9 preteky s\u00fa od roku 1963 ka\u017edoro\u010dne usporad\u00favan\u00e9 v n\u00e1dhern\u00fdch aromantick\u00fdch ramen\u00e1ch Dunaja, ktor\u00e9 v\u010faka vodn\u00e9mu dielu Gab\u010d\u00edkovo znova o\u017eili a st\u00e1vaj\u00fa sa miestom \u0161portov\u00e9ho vy\u017eitia a romantick\u00fdch stretnut\u00ed. Tieto preteky dokazuj\u00fa, \u017ee je mo\u017en\u00e9 \u00faspe\u0161ne spoji\u0165 orienta\u010dn\u00e9 prvky s vod\u00e1ckou&hellip;&nbsp;<a href=\"https:\/\/www.lodenicaKVS.sk\/?p=1360\" rel=\"bookmark\">\u010c\u00edta\u0165 viac &raquo;<span class=\"screen-reader-text\">51. Vod\u00e1cke orienta\u010dn\u00e9 preteky na Dunaji<\/span><\/a><\/p>\n","protected":false},"author":1,"featured_media":0,"comment_status":"open","ping_status":"open","sticky":false,"template":"","format":"standard","meta":{"_crdt_document":"","advgb_blocks_editor_width":"","advgb_blocks_columns_visual_guide":"","neve_meta_sidebar":"","neve_meta_container":"","neve_meta_enable_content_width":"","neve_meta_content_width":0,"neve_meta_title_alignment":"","neve_meta_author_avatar":"","neve_post_elements_order":"","neve_meta_disable_header":"","neve_meta_disable_footer":"","neve_meta_disable_title":"","footnotes":""},"categories":[5,4],"tags":[],"class_list":["post-1360","post","type-post","status-publish","format-standard","hentry","category-archiv","category-verejnost"],"author_meta":{"display_name":"keysho","author_link":"https:\/\/www.lodenicaKVS.sk\/?author=1"},"featured_img":null,"coauthors":[],"tax_additional":{"categories":{"linked":["<a href=\"https:\/\/www.lodenicaKVS.sk\/?cat=5\" class=\"advgb-post-tax-term\">KV\u0160<\/a>","<a href=\"https:\/\/www.lodenicaKVS.sk\/?cat=4\" class=\"advgb-post-tax-term\">Verejnos\u0165<\/a>"],"unlinked":["<span class=\"advgb-post-tax-term\">KV\u0160<\/span>","<span class=\"advgb-post-tax-term\">Verejnos\u0165<\/span>"]}},"comment_count":"0","relative_dates":{"created":"Posted 13 rokov ago","modified":"Updated 6 rokov ago"},"absolute_dates":{"created":"Posted on 24.04.2013","modified":"Updated on 14.02.2020"},"absolute_dates_time":{"created":"Posted on 24.04.2013 00:25","modified":"Updated on 14.02.2020 00:36"},"featured_img_caption":"","series_order":"","_links":{"self":[{"href":"https:\/\/www.lodenicaKVS.sk\/index.php?rest_route=\/wp\/v2\/posts\/1360","targetHints":{"allow":["GET"]}}],"collection":[{"href":"https:\/\/www.lodenicaKVS.sk\/index.php?rest_route=\/wp\/v2\/posts"}],"about":[{"href":"https:\/\/www.lodenicaKVS.sk\/index.php?rest_route=\/wp\/v2\/types\/post"}],"author":[{"embeddable":true,"href":"https:\/\/www.lodenicaKVS.sk\/index.php?rest_route=\/wp\/v2\/users\/1"}],"replies":[{"embeddable":true,"href":"https:\/\/www.lodenicaKVS.sk\/index.php?rest_route=%2Fwp%2Fv2%2Fcomments&post=1360"}],"version-history":[{"count":7,"href":"https:\/\/www.lodenicaKVS.sk\/index.php?rest_route=\/wp\/v2\/posts\/1360\/revisions"}],"predecessor-version":[{"id":2902,"href":"https:\/\/www.lodenicaKVS.sk\/index.php?rest_route=\/wp\/v2\/posts\/1360\/revisions\/2902"}],"wp:attachment":[{"href":"https:\/\/www.lodenicaKVS.sk\/index.php?rest_route=%2Fwp%2Fv2%2Fmedia&parent=1360"}],"wp:term":[{"taxonomy":"category","embeddable":true,"href":"https:\/\/www.lodenicaKVS.sk\/index.php?rest_route=%2Fwp%2Fv2%2Fcategories&post=1360"},{"taxonomy":"post_tag","embeddable":true,"href":"https:\/\/www.lodenicaKVS.sk\/index.php?rest_route=%2Fwp%2Fv2%2Ftags&post=1360"}],"curies":[{"name":"wp","href":"https:\/\/api.w.org\/{rel}","templated":true}]}}