{"id":2094,"date":"2014-05-27T09:29:39","date_gmt":"2014-05-27T07:29:39","guid":{"rendered":"http:\/\/www.lodenicaKVS.sk\/?p=2094"},"modified":"2017-10-30T21:59:50","modified_gmt":"2017-10-30T20:59:50","slug":"dunaj-2014-zaver-vycviku","status":"publish","type":"post","link":"https:\/\/www.lodenicaKVS.sk\/?p=2094","title":{"rendered":"Dunaj 2014 &#8211; z\u00e1ver v\u00fdcviku"},"content":{"rendered":"<p><strong>Term\u00edn:\u00a0<\/strong>20.6 &#8211; 22.6.2014<\/p>\n<p><strong>Ved\u00faci<\/strong>: Karol Komora, 0903 615 990, karol.komora@gmail.com<\/p>\n<p><strong>Zraz<\/strong>: v piatok o 16,07 hod v\u00a0lodenici<\/p>\n<p><strong>N\u00e1vrat<\/strong>: v nede\u013eu cca o 19,00 hod<\/p>\n<p><strong>Z\u00e1loha\u00a0na dopravu<\/strong>: 15 \u20ac \u00a0&#8211; pod\u013ea po\u010dtu z\u00fa\u010dastnen\u00fdch.\u00a0Prednos\u0165 maj\u00fa \u00fa\u010dastn\u00edci z\u00e1kladn\u00e9ho vod\u00e1ckeho v\u00fdcviku lodenice. \u010d.\u00fa.2615042812\/1100 KS 0308 VS032011, spr\u00e1va: priezvisko zad\u00e1ka.\u00a0Len ten kto zlo\u017e\u00ed z\u00e1lohu do 13.6.2014 m\u00e1 n\u00e1rok na dopravu.<\/p>\n<p><strong>Upozornenie<\/strong>: splav sa kon\u00e1 za ka\u017ed\u00e9ho po\u010dasia. V\u0161etci sa z\u00fa\u010dast\u0148uj\u00fa na vlastn\u00e9 nebezpe\u010denstvo.\u00a0V\u0161etci \u00fa\u010dastn\u00edci splavu maj\u00fa v\u00fdpo\u017ei\u010dn\u00e9 za lode a p\u00e1dla zdarma.<\/p>\n<p>V piatok nalo\u017e\u00edme veci do autobusu a odvezieme sa pod vodn\u00e9 dielo \u010cunovo na rkm 1850. Pod\u013ea po\u010dasia a \u010dasu vyraz\u00edme na vodu a sp\u00edme na druhej strane Dunaja. V sobotu vpl\u00e1vame do ma\u010farsk\u00fdch ramien rkm 1848 a ideme ramenami Dunaja do Vadviz kempu. Ob\u010derstv\u00edme sa v miestnej kr\u010dme (odpor\u00fa\u010dam Huf, ale je mo\u017en\u00e9 aj \u20ac). Spa\u0165 by sme mali na l\u00fake nad Kohid na ma\u010farsk\u00fdch ramen\u00e1ch, alebo poni\u017ee na najbli\u017e\u0161om mo\u017enom mieste, k\u00fasok od pren\u00e1\u0161ky pri rkm 1832 Dunaja. V nede\u013eu pren\u00e1\u0161ame do star\u00e9ho toku (rkm1832) a kon\u010d\u00edme na rkm 1819,5 v Hulam-csarde v Gab\u010d\u00edkove v pr\u00edstave.<\/p>\n<p>Treba so sebou zobra\u0165 aj pitn\u00fa aj \u00fa\u017eitkov\u00fa vodu. Ob\u010derstvenie je mo\u017en\u00e9 iba v sobotu vo Vadvize a v cieli splavu &#8211; v Hulamcsarde.<\/p>\n<p><a href=\"http:\/\/www.lodenicaKVS.sk\/wp-content\/uploads\/2012\/05\/vycvik2012.jpg\"><img fetchpriority=\"high\" decoding=\"async\" class=\"alignnone size-large wp-image-678\" src=\"http:\/\/www.lodenicaKVS.sk\/wp-content\/uploads\/2012\/05\/vycvik2012-1024x576.jpg\" alt=\"vycvik2012\" width=\"1024\" height=\"576\" \/><\/a><\/p>\n","protected":false},"excerpt":{"rendered":"<p>Term\u00edn:\u00a020.6 &#8211; 22.6.2014 Ved\u00faci: Karol Komora, 0903 615 990, karol.komora@gmail.com Zraz: v piatok o 16,07 hod v\u00a0lodenici N\u00e1vrat: v nede\u013eu cca o 19,00 hod Z\u00e1loha\u00a0na dopravu: 15 \u20ac \u00a0&#8211; pod\u013ea po\u010dtu z\u00fa\u010dastnen\u00fdch.\u00a0Prednos\u0165 maj\u00fa \u00fa\u010dastn\u00edci z\u00e1kladn\u00e9ho vod\u00e1ckeho v\u00fdcviku lodenice. \u010d.\u00fa.2615042812\/1100 KS 0308 VS032011, spr\u00e1va: priezvisko zad\u00e1ka.\u00a0Len ten kto zlo\u017e\u00ed z\u00e1lohu do 13.6.2014 m\u00e1 n\u00e1rok na dopravu.&hellip;&nbsp;<a href=\"https:\/\/www.lodenicaKVS.sk\/?p=2094\" rel=\"bookmark\">\u010c\u00edta\u0165 viac &raquo;<span class=\"screen-reader-text\">Dunaj 2014 &#8211; z\u00e1ver v\u00fdcviku<\/span><\/a><\/p>\n","protected":false},"author":1,"featured_media":1827,"comment_status":"open","ping_status":"open","sticky":false,"template":"","format":"standard","meta":{"_crdt_document":"","advgb_blocks_editor_width":"","advgb_blocks_columns_visual_guide":"","neve_meta_sidebar":"","neve_meta_container":"","neve_meta_enable_content_width":"","neve_meta_content_width":0,"neve_meta_title_alignment":"","neve_meta_author_avatar":"","neve_post_elements_order":"","neve_meta_disable_header":"","neve_meta_disable_footer":"","neve_meta_disable_title":"","footnotes":""},"categories":[5],"tags":[],"class_list":["post-2094","post","type-post","status-publish","format-standard","has-post-thumbnail","hentry","category-archiv"],"author_meta":{"display_name":"keysho","author_link":"https:\/\/www.lodenicaKVS.sk\/?author=1"},"featured_img":"https:\/\/www.lodenicaKVS.sk\/wp-content\/uploads\/2014\/03\/20140324-231126-300x225.jpg","coauthors":[],"tax_additional":{"categories":{"linked":["<a href=\"https:\/\/www.lodenicaKVS.sk\/?cat=5\" class=\"advgb-post-tax-term\">KV\u0160<\/a>"],"unlinked":["<span class=\"advgb-post-tax-term\">KV\u0160<\/span>"]}},"comment_count":"0","relative_dates":{"created":"Posted 12 rokov ago","modified":"Updated 8 rokov ago"},"absolute_dates":{"created":"Posted on 27.05.2014","modified":"Updated on 30.10.2017"},"absolute_dates_time":{"created":"Posted on 27.05.2014 09:29","modified":"Updated on 30.10.2017 21:59"},"featured_img_caption":"","series_order":"","_links":{"self":[{"href":"https:\/\/www.lodenicaKVS.sk\/index.php?rest_route=\/wp\/v2\/posts\/2094","targetHints":{"allow":["GET"]}}],"collection":[{"href":"https:\/\/www.lodenicaKVS.sk\/index.php?rest_route=\/wp\/v2\/posts"}],"about":[{"href":"https:\/\/www.lodenicaKVS.sk\/index.php?rest_route=\/wp\/v2\/types\/post"}],"author":[{"embeddable":true,"href":"https:\/\/www.lodenicaKVS.sk\/index.php?rest_route=\/wp\/v2\/users\/1"}],"replies":[{"embeddable":true,"href":"https:\/\/www.lodenicaKVS.sk\/index.php?rest_route=%2Fwp%2Fv2%2Fcomments&post=2094"}],"version-history":[{"count":2,"href":"https:\/\/www.lodenicaKVS.sk\/index.php?rest_route=\/wp\/v2\/posts\/2094\/revisions"}],"predecessor-version":[{"id":2096,"href":"https:\/\/www.lodenicaKVS.sk\/index.php?rest_route=\/wp\/v2\/posts\/2094\/revisions\/2096"}],"wp:featuredmedia":[{"embeddable":true,"href":"https:\/\/www.lodenicaKVS.sk\/index.php?rest_route=\/wp\/v2\/media\/1827"}],"wp:attachment":[{"href":"https:\/\/www.lodenicaKVS.sk\/index.php?rest_route=%2Fwp%2Fv2%2Fmedia&parent=2094"}],"wp:term":[{"taxonomy":"category","embeddable":true,"href":"https:\/\/www.lodenicaKVS.sk\/index.php?rest_route=%2Fwp%2Fv2%2Fcategories&post=2094"},{"taxonomy":"post_tag","embeddable":true,"href":"https:\/\/www.lodenicaKVS.sk\/index.php?rest_route=%2Fwp%2Fv2%2Ftags&post=2094"}],"curies":[{"name":"wp","href":"https:\/\/api.w.org\/{rel}","templated":true}]}}