{"id":2105,"date":"2015-03-24T23:19:35","date_gmt":"2015-03-24T22:19:35","guid":{"rendered":"http:\/\/www.lodenicaKVS.sk\/?p=2105"},"modified":"2015-03-31T23:25:46","modified_gmt":"2015-03-31T21:25:46","slug":"otvaranie-vody-vodackej-sezony-2015","status":"publish","type":"post","link":"https:\/\/www.lodenicaKVS.sk\/?p=2105","title":{"rendered":"Otv\u00e1ranie vody vod\u00e1ckej sez\u00f3ny 2015"},"content":{"rendered":"<p>Nie\u010do ku k\u00e1vi\u010dke &#8211; obrazov\u00e9 spravodajstvo z ve\u013emi pr\u00edjemn\u00e9ho Otv\u00e1rania vody &#8211; vod\u00e1ckej sez\u00f3ny 2015!<\/p>\n<p><a href=\"http:\/\/www.lodenicaKVS.sk\/wp-content\/uploads\/2015\/03\/kvs-otvaranie-2015.jpg\"><img fetchpriority=\"high\" decoding=\"async\" class=\"alignnone size-full wp-image-2106\" src=\"http:\/\/www.lodenicaKVS.sk\/wp-content\/uploads\/2015\/03\/kvs-otvaranie-2015.jpg\" alt=\"kvs otvaranie 2015\" width=\"640\" height=\"480\" srcset=\"https:\/\/www.lodenicaKVS.sk\/wp-content\/uploads\/2015\/03\/kvs-otvaranie-2015.jpg 640w, https:\/\/www.lodenicaKVS.sk\/wp-content\/uploads\/2015\/03\/kvs-otvaranie-2015-300x225.jpg 300w\" sizes=\"(max-width: 640px) 100vw, 640px\" \/><\/a><\/p>\n<div>1.\u0160tartovali sme v skr\u00e1tenej verzii &#8211; z \u00fastia Maliny do Moravy, na cca rkm.11.<\/div>\n<div>2.V\u0161etko prebehlo pod\u013ea programu, a e\u0161te aj s bonusmi navy\u0161e.<\/div>\n<div>3.Zuzka &#8222;Hricka&#8220; v\u0161etko na\u010das vzorne zorganizovala (za \u010do jej patr\u00ed osobitn\u00e1 pochvala &#8222;pred nast\u00fapenou jednotkou, a na\u0161tartovanou Tatrou V3S&#8220; &#8211; a aj bez toho!), a my sme zase vzorne doplnili po\u010dty \u00fa\u010dastn\u00edkov.<\/div>\n<div>4.\u00dadaje: Teplota vzduchu:+15&#8243;C, bezobla\u010dno,ve\u013emi pr\u00edjemne,ob\u010das spodn\u00fd vetr\u00edk 10-15-20m\/s<br \/>\nMorava v D.N.Vsi cca 215cm, teplota vody 8,4&#8243;C, prietok 86m3\/s<br \/>\nDunaj v Dev\u00edne cca.196cm, teplota vody 8,1&#8243;C, prietok 1511m3\/s<\/div>\n<div>Po\u010det \u00fa\u010dastn\u00edkov: 24?<\/div>\n<div>Po\u010det git\u00e1r:2-3?<\/div>\n<div>Po\u010det nedobrovo\u013e.k\u00fapan\u00ed:2x C2= 4 \u013eudia- vekov\u00fd priemer cca 59,5 roka?!<\/div>\n<div>Po\u010det dobrovo\u013e. k\u00fapan\u00ed= 1- vek 42,5?<\/div>\n<div>5.A to v\u015betko za 5.-EUR, no neber to!<\/div>\n<div>6.Pre obrazov\u00e9 INFO so sprievodn\u00fdm textom klik na:<br \/>\n<a href=\"https:\/\/picasaweb.google.com\/aveslova\/20150321OTVARANIEVodackejSezonyNaMorave?authkey=Gv1sRgCIeFqNewht2nuQE\" target=\"_blank\">https:\/\/picasaweb.google.com\/<wbr \/>aveslova\/<wbr \/>20150321OTVARANIEVodackejSezon<wbr \/>yNaMorave?authkey=<wbr \/>Gv1sRgCIeFqNewht2nuQE<\/a><\/p>\n<\/div>\n<div>Tak teda posl\u00fachajte, otu\u017eujte sa, tr\u00e9nujte v\u0161eli\u010do mo\u017en\u00e9 a \u0161portu a vode obzvl\u00e1\u0161\u0165 zdar!<\/div>\n<p>PS<\/p>\n","protected":false},"excerpt":{"rendered":"<p>Nie\u010do ku k\u00e1vi\u010dke &#8211; obrazov\u00e9 spravodajstvo z ve\u013emi pr\u00edjemn\u00e9ho Otv\u00e1rania vody &#8211; vod\u00e1ckej sez\u00f3ny 2015! 1.\u0160tartovali sme v skr\u00e1tenej verzii &#8211; z \u00fastia Maliny do Moravy, na cca rkm.11. 2.V\u0161etko prebehlo pod\u013ea programu, a e\u0161te aj s bonusmi navy\u0161e. 3.Zuzka &#8222;Hricka&#8220; v\u0161etko na\u010das vzorne zorganizovala (za \u010do jej patr\u00ed osobitn\u00e1 pochvala &#8222;pred nast\u00fapenou jednotkou, a&hellip;&nbsp;<a href=\"https:\/\/www.lodenicaKVS.sk\/?p=2105\" rel=\"bookmark\">\u010c\u00edta\u0165 viac &raquo;<span class=\"screen-reader-text\">Otv\u00e1ranie vody vod\u00e1ckej sez\u00f3ny 2015<\/span><\/a><\/p>\n","protected":false},"author":1,"featured_media":2106,"comment_status":"closed","ping_status":"closed","sticky":false,"template":"","format":"standard","meta":{"_crdt_document":"","advgb_blocks_editor_width":"","advgb_blocks_columns_visual_guide":"","neve_meta_sidebar":"","neve_meta_container":"","neve_meta_enable_content_width":"","neve_meta_content_width":0,"neve_meta_title_alignment":"","neve_meta_author_avatar":"","neve_post_elements_order":"","neve_meta_disable_header":"","neve_meta_disable_footer":"","neve_meta_disable_title":"","footnotes":""},"categories":[5],"tags":[],"class_list":["post-2105","post","type-post","status-publish","format-standard","has-post-thumbnail","hentry","category-archiv"],"author_meta":{"display_name":"keysho","author_link":"https:\/\/www.lodenicaKVS.sk\/?author=1"},"featured_img":"https:\/\/www.lodenicaKVS.sk\/wp-content\/uploads\/2015\/03\/kvs-otvaranie-2015-300x225.jpg","coauthors":[],"tax_additional":{"categories":{"linked":["<a href=\"https:\/\/www.lodenicaKVS.sk\/?cat=5\" class=\"advgb-post-tax-term\">KV\u0160<\/a>"],"unlinked":["<span class=\"advgb-post-tax-term\">KV\u0160<\/span>"]}},"comment_count":"0","relative_dates":{"created":"Posted 11 rokov ago","modified":"Updated 11 rokov ago"},"absolute_dates":{"created":"Posted on 24.03.2015","modified":"Updated on 31.03.2015"},"absolute_dates_time":{"created":"Posted on 24.03.2015 23:19","modified":"Updated on 31.03.2015 23:25"},"featured_img_caption":"","series_order":"","_links":{"self":[{"href":"https:\/\/www.lodenicaKVS.sk\/index.php?rest_route=\/wp\/v2\/posts\/2105","targetHints":{"allow":["GET"]}}],"collection":[{"href":"https:\/\/www.lodenicaKVS.sk\/index.php?rest_route=\/wp\/v2\/posts"}],"about":[{"href":"https:\/\/www.lodenicaKVS.sk\/index.php?rest_route=\/wp\/v2\/types\/post"}],"author":[{"embeddable":true,"href":"https:\/\/www.lodenicaKVS.sk\/index.php?rest_route=\/wp\/v2\/users\/1"}],"replies":[{"embeddable":true,"href":"https:\/\/www.lodenicaKVS.sk\/index.php?rest_route=%2Fwp%2Fv2%2Fcomments&post=2105"}],"version-history":[{"count":1,"href":"https:\/\/www.lodenicaKVS.sk\/index.php?rest_route=\/wp\/v2\/posts\/2105\/revisions"}],"predecessor-version":[{"id":2107,"href":"https:\/\/www.lodenicaKVS.sk\/index.php?rest_route=\/wp\/v2\/posts\/2105\/revisions\/2107"}],"wp:featuredmedia":[{"embeddable":true,"href":"https:\/\/www.lodenicaKVS.sk\/index.php?rest_route=\/wp\/v2\/media\/2106"}],"wp:attachment":[{"href":"https:\/\/www.lodenicaKVS.sk\/index.php?rest_route=%2Fwp%2Fv2%2Fmedia&parent=2105"}],"wp:term":[{"taxonomy":"category","embeddable":true,"href":"https:\/\/www.lodenicaKVS.sk\/index.php?rest_route=%2Fwp%2Fv2%2Fcategories&post=2105"},{"taxonomy":"post_tag","embeddable":true,"href":"https:\/\/www.lodenicaKVS.sk\/index.php?rest_route=%2Fwp%2Fv2%2Ftags&post=2105"}],"curies":[{"name":"wp","href":"https:\/\/api.w.org\/{rel}","templated":true}]}}