{"id":2159,"date":"2016-05-16T20:20:34","date_gmt":"2016-05-16T18:20:34","guid":{"rendered":"http:\/\/www.lodenicaKVS.sk\/?p=2159"},"modified":"2020-02-13T23:54:50","modified_gmt":"2020-02-13T22:54:50","slug":"vogalonga-venezia-13-v-16-v-2016","status":"publish","type":"post","link":"https:\/\/www.lodenicaKVS.sk\/?p=2159","title":{"rendered":"\ufeffVogalonga VENEZIA 13.V.-16.V. 2016"},"content":{"rendered":"\n<p class=\"wp-block-paragraph\">Pozdravujem priatelia!1.Posielam V\u00e1m mal\u00fd pozdrav z t.r. Vogalongy v Ben\u00e1tkach!<\/p>\n\n\n\n<p class=\"wp-block-paragraph\">2.Neboli sme tam z na\u0161ej lodenice prv\u00ed, a d\u00fafam ani posledn\u00ed.<\/p>\n\n\n\n<p class=\"wp-block-paragraph\">T.r. tam z na\u0161ej lodenice bolo aj s rodinn\u00fdmi pr\u00edslu\u0161n\u00edkmi a priate\u013emi tak +- 12 \u013eud\u00ed. A celkove zo Slovenska mo\u017eno aj 30!<\/p>\n\n\n\n<p class=\"wp-block-paragraph\">3.Je to pomerne pohodov\u00e1 akcia. Term\u00edn sa odpo\u010d\u00edtava od cirkev. kalend\u00e1ra, tak\u017ee niekedy m\u00f4\u017ee padn\u00fa\u0165 aj na j\u00fan.<\/p>\n\n\n\n<p class=\"wp-block-paragraph\">4.Ve\u013ek\u00fdm l\u00e1kadlom v t\u00fd\u017edni konania je mo\u017enos\u0165 legit\u00edmne si zajazdi\u0165 v kan\u00e1loch s gondoli\u00e9rmi, vod. tax\u00edkmi, lodnou MHD, a ke\u010f sa zadar\u00ed aj s n\u00e1morn\u00fdmi lo\u010fami!<\/p>\n\n\n\n<p class=\"wp-block-paragraph\">V\u0161etci kormideln\u00edci aj carabinieri s\u00fa v tento \u010das priate\u013esk\u00ed a pohodov\u00ed- ale vln\u00e1m neprik\u00e1\u017ee\u0161!<\/p>\n\n\n\n<p class=\"wp-block-paragraph\">5.Niekedy boli kr\u00ed\u017eov\u00e9 vlny aj na \u00farovni WW 2+ a\u017e 3?. Bolo si treba da\u0165 pozor a neda\u0165 sa zatla\u010di\u0165 ku kolm\u00e9mu brehu, a aj sa ob\u010das vyhn\u00fa\u0165 v\u0161eobecn\u00e9mu chaosu v kan\u00e1loch!&nbsp;<\/p>\n\n\n\n<p class=\"wp-block-paragraph\">Na toto sa lodeni\u010dn\u00fd Seakajak NARPA uk\u00e1zal ako vynikaj\u00faci, a s po\u017ei\u010dan\u00fdm carbon- kevlarov\u00fdm p\u00e1dlom som si nemohol na ni\u010d s\u0165a\u017eova\u0165!&nbsp;<\/p>\n\n\n\n<p class=\"wp-block-paragraph\">Hor\u0161ie je, \u017ee t\u00fato sobotu som sa potom v K1 Zjazd na Dunaji c\u00edtil ak\u00fdsi neist\u00fd?! Do plavby na Hainburg tento v\u00edkend sa toho d\u00fafam zbav\u00edm?!<\/p>\n\n\n\n<p class=\"wp-block-paragraph\">6.Na samotnej Vogalonge som sa vynikaj\u00faco pobavil na lodiach, pos\u00e1dkach, kormideln\u00edkoch, hecovan\u00ed&#8230;, po cel\u00fd \u010das mi nepri\u0161lo otupno, a ani mi nenapadlo viez\u0165 sa na vlne za nejakou ve\u013ekou gondolou! Aj tak by mi to asi nepomohlo. Nafotil som cca 300 fotiek, a tak som stratil na kamar\u00e1tov mo\u017eno aj 3 km!<\/p>\n\n\n\n<p class=\"wp-block-paragraph\">7.Po\u010dasie n\u00e1m vy\u0161lo perfektne, bolo n\u00e1dherne s oblakmi a v\u00f4bec nef\u00fakalo.<\/p>\n\n\n\n<p class=\"wp-block-paragraph\">8.\u017de ale po ve\u010deroch to bolo inak, to je u\u017e druh\u00e1 vec.&nbsp;<\/p>\n\n\n\n<p class=\"wp-block-paragraph\">Pri vodorovnom fu\u010d\u00e1ku a hnanom da\u017edi V\u00e1m ani pr\u00edstre\u0161ok nepom\u00f4\u017ee!&nbsp;<\/p>\n\n\n\n<p class=\"wp-block-paragraph\">Ani si poriadne nevychutn\u00e1te \u0161peciality ala Jozefov granadiersky pochod, \u010derven\u00e9 v\u00edno z chr\u00e1nen\u00e9ho vinohradu&#8230;at\u010f, at\u010f&#8230;<\/p>\n\n\n\n<p class=\"wp-block-paragraph\">9.Asi niekto hore chcel, aby sme mali dobr\u00fa \u017eivotospr\u00e1vu a podali dobr\u00e9 v\u00fdkony?!<\/p>\n\n\n\n<p class=\"wp-block-paragraph\">Ke\u010f som v noci v da\u017edi pobehoval medzi WC a stanom, musel som uzna\u0165, \u017ee nie\u010do na t\u00fdch karavanoch je aj dobr\u00e9!<\/p>\n\n\n\n<p class=\"wp-block-paragraph\">10.Cez de\u0148 ale v\u0161etko kr\u00e1sne vyschlo.&nbsp;<\/p>\n\n\n\n<p class=\"wp-block-paragraph\">11.Spolo\u010dnos\u0165 bola ako v\u017edy v\u00fdborn\u00e1!&nbsp;<\/p>\n\n\n\n<p class=\"wp-block-paragraph\">12.Patrili sem aj kamar\u00e1tky a kamar\u00e1ti z na\u0161ej lodenice, aj ke\u010f treba poveda\u0165, \u017ee oni preva\u017ene spali luxusne v bungalovoch! Teda okrem Ellen a partie od Miza!<\/p>\n\n\n\n<p class=\"wp-block-paragraph\">13.Na vode sme najazdili za dva dni cca 60km.&nbsp;<\/p>\n\n\n\n<p class=\"wp-block-paragraph\">Autom +- 1500km.<\/p>\n\n\n\n<p class=\"wp-block-paragraph\">14.V\u010faka kamar\u00e1tom a zach\u00e1dzke sme pre\u0161li dva N.Parky v Slovinsku a spoznali historick\u00e9 lokality ako mest\u00e1 Cividale a Aquileiu!&nbsp;<\/p>\n\n\n\n<p class=\"wp-block-paragraph\">15.Svojho \u010dasu- tam v predminulom tis\u00edcro\u010d\u00ed boli na cest\u00e1ch za p\u00e1pe\u017eom Sv\u00e4topluk a spol, ba dokonca aj Karel IV.,&#8230;a aj my!<\/p>\n\n\n\n<p class=\"wp-block-paragraph\">Tie najstar\u0161ie pobyty s\u00fa zachyten\u00e9 v &#8222;hotelovej knihe&#8220; kl\u00e1\u0161tora pod n\u00e1zvom Cividalsk\u00fd relikvi\u00e1r! &nbsp;<\/p>\n\n\n\n<p class=\"wp-block-paragraph\">16.A v tomto tis\u00edcro\u010d\u00ed som sa zase ja dostal op\u00e4\u0165 do Ben\u00e1tok!<\/p>\n\n\n\n<p class=\"wp-block-paragraph\">17.Tak teda posl\u00fachajte, a tr\u00e9nujte v\u0161etko mo\u017en\u00e9!<\/p>\n\n\n\n<p class=\"wp-block-paragraph\">B.r.<\/p>\n\n\n\n<p class=\"wp-block-paragraph\">&#8230;a na spravodajsk\u00e9 foto klik na:<\/p>\n\n\n\n<p class=\"wp-block-paragraph\"><a href=\"https:\/\/picasaweb.google.com\/aveslova\/6288354059402271905?authkey=Gv1sRgCKGe1Miq2snprAE\">https:\/\/picasaweb.google.com\/aveslova\/6288354059402271905?authkey=Gv1sRgCKGe1Miq2snprAE<\/a><\/p>\n\n\n\n<p class=\"wp-block-paragraph\">PS<\/p>\n","protected":false},"excerpt":{"rendered":"<p>Pozdravujem priatelia!1.Posielam V\u00e1m mal\u00fd pozdrav z t.r. Vogalongy v Ben\u00e1tkach! 2.Neboli sme tam z na\u0161ej lodenice prv\u00ed, a d\u00fafam ani posledn\u00ed. T.r. tam z na\u0161ej lodenice bolo aj s rodinn\u00fdmi pr\u00edslu\u0161n\u00edkmi a priate\u013emi tak +- 12 \u013eud\u00ed. A celkove zo Slovenska mo\u017eno aj 30! 3.Je to pomerne pohodov\u00e1 akcia. Term\u00edn sa odpo\u010d\u00edtava od cirkev. kalend\u00e1ra,&hellip;&nbsp;<a href=\"https:\/\/www.lodenicaKVS.sk\/?p=2159\" rel=\"bookmark\">\u010c\u00edta\u0165 viac &raquo;<span class=\"screen-reader-text\">\ufeffVogalonga VENEZIA 13.V.-16.V. 2016<\/span><\/a><\/p>\n","protected":false},"author":1,"featured_media":2161,"comment_status":"closed","ping_status":"closed","sticky":false,"template":"templates\/template-cover.php","format":"standard","meta":{"_crdt_document":"","advgb_blocks_editor_width":"","advgb_blocks_columns_visual_guide":"","neve_meta_sidebar":"","neve_meta_container":"","neve_meta_enable_content_width":"","neve_meta_content_width":0,"neve_meta_title_alignment":"","neve_meta_author_avatar":"","neve_post_elements_order":"","neve_meta_disable_header":"","neve_meta_disable_footer":"","neve_meta_disable_title":"","footnotes":""},"categories":[5],"tags":[88,218,87],"class_list":["post-2159","post","type-post","status-publish","format-standard","has-post-thumbnail","hentry","category-archiv","tag-benatky","tag-venezia","tag-vogalonga"],"author_meta":{"display_name":"keysho","author_link":"https:\/\/www.lodenicaKVS.sk\/?author=1"},"featured_img":"https:\/\/www.lodenicaKVS.sk\/wp-content\/uploads\/2016\/06\/img_0480-300x169.jpg","coauthors":[],"tax_additional":{"categories":{"linked":["<a href=\"https:\/\/www.lodenicaKVS.sk\/?cat=5\" class=\"advgb-post-tax-term\">KV\u0160<\/a>"],"unlinked":["<span class=\"advgb-post-tax-term\">KV\u0160<\/span>"]},"tags":{"linked":["<a href=\"https:\/\/www.lodenicaKVS.sk\/?cat=5\" class=\"advgb-post-tax-term\">Ben\u00e1tky<\/a>","<a href=\"https:\/\/www.lodenicaKVS.sk\/?cat=5\" class=\"advgb-post-tax-term\">Venezia<\/a>","<a href=\"https:\/\/www.lodenicaKVS.sk\/?cat=5\" class=\"advgb-post-tax-term\">Vogalonga<\/a>"],"unlinked":["<span class=\"advgb-post-tax-term\">Ben\u00e1tky<\/span>","<span class=\"advgb-post-tax-term\">Venezia<\/span>","<span class=\"advgb-post-tax-term\">Vogalonga<\/span>"]}},"comment_count":"0","relative_dates":{"created":"Posted 10 rokov ago","modified":"Updated 6 rokov ago"},"absolute_dates":{"created":"Posted on 16.05.2016","modified":"Updated on 13.02.2020"},"absolute_dates_time":{"created":"Posted on 16.05.2016 20:20","modified":"Updated on 13.02.2020 23:54"},"featured_img_caption":"","series_order":"","_links":{"self":[{"href":"https:\/\/www.lodenicaKVS.sk\/index.php?rest_route=\/wp\/v2\/posts\/2159","targetHints":{"allow":["GET"]}}],"collection":[{"href":"https:\/\/www.lodenicaKVS.sk\/index.php?rest_route=\/wp\/v2\/posts"}],"about":[{"href":"https:\/\/www.lodenicaKVS.sk\/index.php?rest_route=\/wp\/v2\/types\/post"}],"author":[{"embeddable":true,"href":"https:\/\/www.lodenicaKVS.sk\/index.php?rest_route=\/wp\/v2\/users\/1"}],"replies":[{"embeddable":true,"href":"https:\/\/www.lodenicaKVS.sk\/index.php?rest_route=%2Fwp%2Fv2%2Fcomments&post=2159"}],"version-history":[{"count":4,"href":"https:\/\/www.lodenicaKVS.sk\/index.php?rest_route=\/wp\/v2\/posts\/2159\/revisions"}],"predecessor-version":[{"id":2870,"href":"https:\/\/www.lodenicaKVS.sk\/index.php?rest_route=\/wp\/v2\/posts\/2159\/revisions\/2870"}],"wp:featuredmedia":[{"embeddable":true,"href":"https:\/\/www.lodenicaKVS.sk\/index.php?rest_route=\/wp\/v2\/media\/2161"}],"wp:attachment":[{"href":"https:\/\/www.lodenicaKVS.sk\/index.php?rest_route=%2Fwp%2Fv2%2Fmedia&parent=2159"}],"wp:term":[{"taxonomy":"category","embeddable":true,"href":"https:\/\/www.lodenicaKVS.sk\/index.php?rest_route=%2Fwp%2Fv2%2Fcategories&post=2159"},{"taxonomy":"post_tag","embeddable":true,"href":"https:\/\/www.lodenicaKVS.sk\/index.php?rest_route=%2Fwp%2Fv2%2Ftags&post=2159"}],"curies":[{"name":"wp","href":"https:\/\/api.w.org\/{rel}","templated":true}]}}