{"id":2245,"date":"2016-12-18T13:22:41","date_gmt":"2016-12-18T12:22:41","guid":{"rendered":"http:\/\/www.lodenicaKVS.sk\/?p=2245"},"modified":"2020-02-13T23:51:21","modified_gmt":"2020-02-13T22:51:21","slug":"vianocny-vystup-na-vapennu-2016-opat-stastny-a-uspesny","status":"publish","type":"post","link":"https:\/\/www.lodenicaKVS.sk\/?p=2245","title":{"rendered":"Viano\u010dn\u00fd V\u00fdstup na V\u00c1PENN\u00da 2016 op\u00e4\u0165 \u0161\u0165astn\u00fd a \u00faspe\u0161n\u00fd!"},"content":{"rendered":"\n<ol class=\"wp-block-list\"><li>Op\u00e4\u0165 sme v r\u00e1mci lodeni\u010dnej akcie predviano\u010dne vyst\u00fapili na jednu z malokarpatsk\u00fdch sedemstoviek &#8211; V\u00e1penn\u00fa 752 m.n.m.! Nevyzeralo to zo za\u010diatku tak, ale op\u00e4\u0165 n\u00e1m to vy\u0161lo!<\/li><li>Bolo to ako v rozpr\u00e1vke! Na vrchole V\u00e1pennej n\u00e1s \u010dakalo ve\u013ek\u00e9 prekvapenie. V\u00e1penn\u00e1 bola toti\u017e ako jeden z m\u00e1la vrcholov nad inverziou, a naskytli sa n\u00e1m neobvykl\u00e9 v\u00fdh\u013eady. Kr\u00e1sne bolo vidie\u0165 dvojtis\u00edcovku Schneeberg. Maximom bolo mo\u017eno vidie\u0165 a\u017e na alpsk\u00fd kopec \u00d6tscher 1893 m.n.m. vo vzdialenosti 168 km? &#8230; A mo\u017eno by Ing. Milan P. dovidel a\u017e na Kiliman\u010f\u017e\u00e1ro?! Teda z\u00e1le\u017e\u00ed na tom ak\u00e9 &#8222;iontov\u00e9 n\u00e1poje&#8220; by konzumoval.<\/li><li>N\u00e1vrat bol \u0161tandardn\u00fd- poved\u013ea Ro\u0161t\u00fanu klesanie dole, potom stup\u00e1k na Skalku a cez oboru a po traverze Gajdo\u0161a do \u017dlt\u00e9ho Dom\u010deka na Zochovej chate. T\u00fato stredne \u0165a\u017ek\u00fa pe\u0161iu t\u00faru sme tentokr\u00e1t zvl\u00e1dli v rekordnom \u010dase. Bol toti\u017e optim\u00e1lne zamrznut\u00fd ter\u00e9n, a nikde sme sa pr\u00edli\u0161 nezdr\u017eovali.<\/li><li>V \u017dltom Dom\u010deku, tak ako ka\u017ed\u00fd rok sme vo ve\u013emi pr\u00edjemnom prostred\u00ed v spokojnosti vyhodnotili akciu ako vynikaj\u00facu! Op\u00e4\u0165 sa s\u00edce netancovalo na stoloch, ale aspo\u0148 sme im obliali obrus. Vzh\u013eadom k celkovej \u00fatrate neboli \u017eiadne probl\u00e9my!<\/li><li>A to \u017eel\u00e1m aj V\u00e1m!<\/li><li>Tak posl\u00fachajte a tr\u00e9nujte, &#8222;lebo v\u0161etko sa zaznamen\u00e1va na magnetof\u00f3nov\u00fa p\u00e1sku&#8220;, a pozor! zajtra je \u0160tedr\u00fd Ve\u010der!<\/li><li>Pre vizu\u00e1lnu str\u00e1nku klik na: <a href=\"https:\/\/goo.gl\/photos\/dFLLCSAomQyYTDq19\">https:\/\/goo.gl\/photos\/dFLLCSAomQyYTDq19<\/a><\/li><\/ol>\n\n\n\n<p class=\"wp-block-paragraph\">B.r.<\/p>\n\n\n\n<p class=\"wp-block-paragraph\">PS<\/p>\n\n\n\n<p class=\"wp-block-paragraph\">P.S: Osobitn\u00e9 po\u010fakovanie patr\u00ed Zuzke a Macovi za v\u00fdborn\u00e9 zorganizovanie akcie, \u00fa\u010dastn\u00edkom v\u00fdstupu za z\u00fa\u010dastnenie sa, za obstojn\u00fa tr\u00e9novanos\u0165 a pr\u00edjemn\u00fa spolo\u010dnos\u0165&#8230; a v\u00fdborn\u00fa skladbu n\u00e1pojov a ob\u010derstvenia!<\/p>\n","protected":false},"excerpt":{"rendered":"<p>Op\u00e4\u0165 sme v r\u00e1mci lodeni\u010dnej akcie predviano\u010dne vyst\u00fapili na jednu z malokarpatsk\u00fdch sedemstoviek &#8211; V\u00e1penn\u00fa 752 m.n.m.! Nevyzeralo to zo za\u010diatku tak, ale op\u00e4\u0165 n\u00e1m to vy\u0161lo! Bolo to ako v rozpr\u00e1vke! Na vrchole V\u00e1pennej n\u00e1s \u010dakalo ve\u013ek\u00e9 prekvapenie. V\u00e1penn\u00e1 bola toti\u017e ako jeden z m\u00e1la vrcholov nad inverziou, a naskytli sa n\u00e1m neobvykl\u00e9 v\u00fdh\u013eady.&hellip;&nbsp;<a href=\"https:\/\/www.lodenicaKVS.sk\/?p=2245\" rel=\"bookmark\">\u010c\u00edta\u0165 viac &raquo;<span class=\"screen-reader-text\">Viano\u010dn\u00fd V\u00fdstup na V\u00c1PENN\u00da 2016 op\u00e4\u0165 \u0161\u0165astn\u00fd a \u00faspe\u0161n\u00fd!<\/span><\/a><\/p>\n","protected":false},"author":1,"featured_media":2246,"comment_status":"closed","ping_status":"closed","sticky":false,"template":"templates\/template-cover.php","format":"standard","meta":{"_crdt_document":"","advgb_blocks_editor_width":"","advgb_blocks_columns_visual_guide":"","neve_meta_sidebar":"","neve_meta_container":"","neve_meta_enable_content_width":"","neve_meta_content_width":0,"neve_meta_title_alignment":"","neve_meta_author_avatar":"","neve_post_elements_order":"","neve_meta_disable_header":"","neve_meta_disable_footer":"","neve_meta_disable_title":"","footnotes":""},"categories":[5,4],"tags":[],"class_list":["post-2245","post","type-post","status-publish","format-standard","has-post-thumbnail","hentry","category-archiv","category-verejnost"],"author_meta":{"display_name":"keysho","author_link":"https:\/\/www.lodenicaKVS.sk\/?author=1"},"featured_img":"https:\/\/www.lodenicaKVS.sk\/wp-content\/uploads\/2017\/01\/DSCN1030-225x300.jpg","coauthors":[],"tax_additional":{"categories":{"linked":["<a href=\"https:\/\/www.lodenicaKVS.sk\/?cat=5\" class=\"advgb-post-tax-term\">KV\u0160<\/a>","<a href=\"https:\/\/www.lodenicaKVS.sk\/?cat=4\" class=\"advgb-post-tax-term\">Verejnos\u0165<\/a>"],"unlinked":["<span class=\"advgb-post-tax-term\">KV\u0160<\/span>","<span class=\"advgb-post-tax-term\">Verejnos\u0165<\/span>"]}},"comment_count":"0","relative_dates":{"created":"Posted 9 rokov ago","modified":"Updated 6 rokov ago"},"absolute_dates":{"created":"Posted on 18.12.2016","modified":"Updated on 13.02.2020"},"absolute_dates_time":{"created":"Posted on 18.12.2016 13:22","modified":"Updated on 13.02.2020 23:51"},"featured_img_caption":"sn\u00edmka trochu naaran\u017eovan\u00e1- fotil Vlado K.","series_order":"","_links":{"self":[{"href":"https:\/\/www.lodenicaKVS.sk\/index.php?rest_route=\/wp\/v2\/posts\/2245","targetHints":{"allow":["GET"]}}],"collection":[{"href":"https:\/\/www.lodenicaKVS.sk\/index.php?rest_route=\/wp\/v2\/posts"}],"about":[{"href":"https:\/\/www.lodenicaKVS.sk\/index.php?rest_route=\/wp\/v2\/types\/post"}],"author":[{"embeddable":true,"href":"https:\/\/www.lodenicaKVS.sk\/index.php?rest_route=\/wp\/v2\/users\/1"}],"replies":[{"embeddable":true,"href":"https:\/\/www.lodenicaKVS.sk\/index.php?rest_route=%2Fwp%2Fv2%2Fcomments&post=2245"}],"version-history":[{"count":4,"href":"https:\/\/www.lodenicaKVS.sk\/index.php?rest_route=\/wp\/v2\/posts\/2245\/revisions"}],"predecessor-version":[{"id":2863,"href":"https:\/\/www.lodenicaKVS.sk\/index.php?rest_route=\/wp\/v2\/posts\/2245\/revisions\/2863"}],"wp:featuredmedia":[{"embeddable":true,"href":"https:\/\/www.lodenicaKVS.sk\/index.php?rest_route=\/wp\/v2\/media\/2246"}],"wp:attachment":[{"href":"https:\/\/www.lodenicaKVS.sk\/index.php?rest_route=%2Fwp%2Fv2%2Fmedia&parent=2245"}],"wp:term":[{"taxonomy":"category","embeddable":true,"href":"https:\/\/www.lodenicaKVS.sk\/index.php?rest_route=%2Fwp%2Fv2%2Fcategories&post=2245"},{"taxonomy":"post_tag","embeddable":true,"href":"https:\/\/www.lodenicaKVS.sk\/index.php?rest_route=%2Fwp%2Fv2%2Ftags&post=2245"}],"curies":[{"name":"wp","href":"https:\/\/api.w.org\/{rel}","templated":true}]}}