{"id":239,"date":"2003-03-22T22:46:26","date_gmt":"2003-03-22T21:46:26","guid":{"rendered":"http:\/\/www.lodenicaKVS.sk\/?p=239"},"modified":"2020-02-03T04:18:23","modified_gmt":"2020-02-03T03:18:23","slug":"horna-delta","status":"publish","type":"post","link":"https:\/\/www.lodenicaKVS.sk\/?p=239","title":{"rendered":"Horn\u00e1 delta"},"content":{"rendered":"\n<p class=\"wp-block-paragraph\"><strong>Dunajsk\u00e9 ramen\u00e1 \u2013 druh\u00e1 strana<\/strong><\/p>\n\n\n\n<h3 class=\"wp-block-heading\">V\u00fdprava prv\u00e1 \u2013 Horn\u00e1 delta<\/h3>\n\n\n\n<h3 class=\"wp-block-heading\">Term\u00edn<\/h3>\n\n\n\n<p class=\"wp-block-paragraph\">Bratislava 22. 03. 2003<\/p>\n\n\n\n<p class=\"wp-block-paragraph\">U\u017e neraz som splavoval Dunaj medzi Bratislavou a \u0160t\u00farovom, prelozil som \u010das\u0165 na\u0161ich ramien \u2013 pod\u013ea m\u0148a svetov\u00fd unik\u00e1t vn\u00fatrozemskej delty zohaven\u00fd a zmrza\u010den\u00fd skazonosn\u00fdm vodn\u00fdm dielom. Po\u010das t\u00fdchto plavieb mojej pozornosti neunikla voda mizn\u00faca niekde na ma\u010farskej strane Dunaja, zrejme v nejak\u00fdch ramen\u00e1ch a zase inde sa vracaj\u00faca nazad do Dunaja in\u00fdmi ramenami. Dlho som zva\u017eoval ako sa tam dosta\u0165, kedy sa tam dosta\u0165 a s k\u00fdm. Kone\u010dne som si tieto ot\u00e1zky \u010diasto\u010dne zodpovedal. U\u017e som mal nejak\u00e9 inform\u00e1cie od kamar\u00e1tov z Dunaj\u010d\u00edka, \u010dosi som vysnoril v an\u00e1loch, tak\u017ee po ideologickej str\u00e1nke som sa c\u00edtil vyzbrojen\u00fd dos\u0165 a po zime odpo\u010dinut\u00fd tie\u017e dos\u0165.<br>Ochotn\u00fdm spolup\u00e1chate\u013eom sa stal kamar\u00e1t Peter z lodenice. \u010co si sa mi marilo, nebol som si v\u0161ak ist\u00fd, \u010di v tejto s\u00favislosti, \u017ee niekto spom\u00ednal nejak\u00e9 povolenie. Tento probl\u00e9m sme vyrie\u0161ili celkom genit\u00e1lne . Ja som to povolil Petrovi a Peter zase mne. Takto povolen\u00fdch n\u00e1s u\u017e ni\u010d nemohlo zastavi\u0165. Po kr\u00e1tkom kon\u0161pira\u010dnom spiknut\u00ed v piatok ve\u010der na lodenici sme sa v sobotu r\u00e1no zrazili na lodenici, vytiahli dva ruuu\u017eovu\u010dk\u00e9 kaja\u010diky &#8211; tak\u00e9 cukr\u00edkov\u00e9, ham, ham. Naviazali sme na Pe\u0165ovu \u010derven\u00fa Barborku t.j. \u0160kodu stoneviemko\u013eko. Mal\u00fd pohrani\u010dn\u00fd styk sme viacmenej zvl\u00e1dli bez probl\u00e9mov. Vesel\u00e9mu coln\u00edkovi ne\u0161lo do hlavy kam ideme s tou-citujem \u201eplechovkou\u201c ( ma\u0165 m\u00f4jho Sergeja , tak sa uraz\u00edm ) a \u010di ideme ora\u0165 ???. Nie! Ryby p\u00e1s\u0165!<\/p>\n\n\n\n<p class=\"wp-block-paragraph\">Bez \u00fahony a pr\u00edli\u0161n\u00e9ho motania sme pri\u0161li na miesto nalodenia niekde medzi obcou a dielom Dunakiliti. Stav vody nebol najvy\u0161\u0161\u00ed, ale pre plavbu posta\u010duj\u00faci.<br>Po\u010dasie vyzeralo s\u013eubne, nikde ani obl\u00e1\u010dika. Skoro ma v\u0161ak \u0161lak trafil, ke\u010f som zbadal mal\u00e9 zamrznut\u00e9 jazierko. Krv mi ztuhla v \u017eil\u00e1ch. Tak\u00e1 zlos\u0165 do m\u0148a vo\u0161la, \u017ee som zobral p\u00e1dlo a za\u010dal seka\u0165 hlava nehlava ten \u013ead. D\u00fafam , \u017ee ma nikto nevidel, lebo by sa asi t\u00e1zal na moje zdravie v oblasti hlavy. Druh\u00fd jarn\u00fd de\u0148 a zima akoby sa jej to net\u00fdkalo! Huanita proste nev\u0161\u00edma! Po chv\u00edli som op\u00e4\u0165 nadobudol straten\u00fa du\u0161evn\u00fa rovnov\u00e1hu a dostato\u010dn\u00fa telesn\u00fa teplotu a pokra\u010doval som v nalo\u010fovan\u00ed. Prizn\u00e1m sa, trochu mi nesedela spo\u010diatku lo\u010f ktor\u00fa som si po\u017ei\u010dal od kamar\u00e1ta. Zdala sa mi tak\u00e1 kr\u00e1tkodlh\u00e1 \u010di dlhokr\u00e1tka. Ke\u010f som ju porovnal s Moriakom (seakajak) bola kr\u00e1tka, ke\u010f som ju porovnal s Prckom (rodeov\u00e1 potvora z \u010delade Pyranhovit\u00fdch) zdala sa dlh\u00e1. Ani ryba, ani rak, tak\u00fd Invader od star\u00e9ho Prijona. Peter mal zase t\u00e1to\u0161a menom Bert od star\u00e9ho \u017delezn\u00e9ho. Vydali sme sa pomerne \u0161irok\u00fdm ramenom dole. Neby\u0165 toho zimn\u00e9ho incidentu , tak je to uk\u00e1\u017ekov\u00fd jarn\u00fd de\u0148, nebo bez jedin\u00e9ho obl\u00e1\u010dika. Pr\u00edroda sa pomaly preb\u00fadzala, aj ke\u010f vyzeralo, \u017ee e\u0161te podriemk\u00e1va. Aby sme ju z driemot nevytrhli, tak sme p\u00e1dlovali len tak po\u0161pi\u010dk\u00e1ch , bez velk\u00e9ho r\u00e1musu. Odmenou n\u00e1m bol poh\u013ead na dve statn\u00e9 jelenice v poraste na brehu. Kde tu nad nami zakr\u00fa\u017eil s kv\u00edlen\u00edm nejak\u00fd dravec. V men\u0161\u00edch a plyt\u0161\u00edch ramen\u00e1ch pred \u0161pi\u010dkou lode prchali mal\u00e9 rybky. Vodn\u00e9 vt\u00e1cstvo v panike pred nami utekalo, navzdory tomu, \u017ee sme sa sna\u017eili tv\u00e1ri\u0165 ako jedny z nich.<\/p>\n\n\n\n<p class=\"wp-block-paragraph\">Akur\u00e1t jedna star\u00e1 korytna\u010dka sa nenechala ru\u0161i\u0165 a odpo\u010d\u00edvala na dne. Ke\u010f som sa prizrel lep\u0161ie tak sa premenila na celkom dobr\u00fd austr\u00e1lsky ko\u017een\u00fd klob\u00fak. S obavami \u010di pod n\u00edm nebude aj hlava som ho vylovil a posadil na pah\u00fd\u013e stromu nech ho Slnko nepripe\u010die. Idilku a pohodu ru\u0161il , kde tu zvuk motorovej p\u00edly \u2013 zrejme zase revitalizovali niekde les. Trochu mi nesedeli aj polovn\u00edcke postrie\u017eky, miestami ka\u017ed\u00fdch sto metrov ( neviem pre\u010do, ale napadlo ma , spojenie, \u017ee ba\u0161ty socializmu, aj ke\u010f ten u\u017e je d\u00e1vno za vodou \u010di pod vodou? ). Ale tie boli aspo\u0148 ticho. Mo\u017eno aj toho Austr\u00e1l\u010dana odstrelili a jeho hlava tr\u00f3ni niekde medzi paroh\u00e1\u010dmi, ale bez klob\u00faka.&nbsp;Lovnej zvery tu mus\u00ed by\u0165 dos\u0165 o \u010dom sved\u010dilo aj mno\u017estvo st\u00f4p na brehu kde chodila zver , pravdepodobne pi\u0165. Bolo vidno stopy jelenie, srn\u010die , divia\u010die ale aj drobn\u00fdch dravcov a hlodavcov a miestami a\u017e zauj\u00edmav\u00e9 vzory zo st\u00f4p vt\u00e1cstva akoby \u010dipky.<\/p>\n\n\n\n<p class=\"wp-block-paragraph\">Po chv\u00edlke \u0165ahania sa ozval mierny hukot, na ktor\u00fd Peter spozornel. Vyskytla sa men\u0161ia perej, pravdepodobne umelo sypan\u00e1 hr\u00e1dzka. Bola v\u0161ak hladko splavn\u00e1. Po chv\u00edli v\u00e1hania a odhodl\u00e1vania ju zvl\u00e1dol aj Peter excelentne. E\u0161te sme absolvovali podobne jeden brod , ale to bola kodrca\u010dka.&nbsp;Ob\u010das sme kontrolovali na\u0161u polohu pod\u013ea mapy, kde tu do nej doplnili zabudnut\u00fa hr\u00e1dzku a volili sme r\u00f4zne men\u0161ie akoby okruhy, odbo\u010dky a kombinovali trasy. Sna\u017eili sme sa nakukn\u00fa\u0165 v\u0161ade kde to len \u0161lo, nie v\u0161ade to v\u0161ak \u0161lo a tak sme sa miestami vracali, kde tu pre n\u00edzky stav nejak\u00fa hr\u00e1dzku prelo\u017eili, ale len pri protipr\u00fadnej plavbe. Okolo jednej sme si urobili na jednom c\u00edpe pauzu na obed, zalo\u017eili mal\u00fd ohn\u00edk, posu\u0161ili, pohrievali sa, \u010do to skonzumovali a za\u010dali pom\u00fd\u0161la\u0165 na n\u00e1vrat k autu. Cesta bola v\u00e4\u010d\u0161inou protipr\u00fadna a Peter to miestami vzd\u00e1val a za\u010dal to kombinova\u0165 s agroturistikou t.j. v \u00fasekoch kde sa mu to zdalo plytk\u00e9 \u0165ahal kajak po lesoch , luhoch, h\u00e1joch , l\u00fakach a poliach. Ja som sa v\u0161ak sna\u017eil p\u00e1dlova\u0165 z\u00fafalo aj na mokrom \u0161trku. Napokon sme na\u0161u trasu troch zredukovali vzh\u013eadom aj na \u010das aj Petrove mokr\u00e9 gate. Nie \u017ee by sa pototo, ale pri jednom vystupovan\u00ed z lode sa skoro pretoto. \u0160\u0165astne a spokojne sme na\u0161li na\u0161e aut\u00ed\u010dko a s vedom\u00edm, presved\u010den\u00edm a odhodlan\u00edm, \u017ee tu nie sme naposledy sme sa pobrali domov.<\/p>\n\n\n\n<p class=\"wp-block-paragraph\">Z\u010faleka sme nezvl\u00e1dli v\u0161etko \u010do sme mohli a chceli. Obehali sme \u010das\u0165 tzv. Hornej delty, niektor\u00e9 ramen\u00e1 a z\u00e1kutia n\u00e1m v\u0161ak ostali nezn\u00e1me, vzh\u013eadom na stav vody, d\u013a\u017eku d\u0148a a pomaly sa hl\u00e1siacu \u00fanavu. Te\u0161\u00edm sa na Doln\u00fa deltu , ktor\u00e1 by mala by\u0165 rozsiahlej\u0161ia. Predpoklad\u00e1m, \u017ee mnoh\u00e9 moje v\u00edkendy budem na jar \u010di v lete a za vhodn\u00e9ho vodn\u00e9ho stavu tr\u00e1vi\u0165 tu.<br>&#8230;.a mo\u017eno aj s Vami. Ale len ke\u010f budete posl\u00facha\u0165.<\/p>\n\n\n\n<p class=\"wp-block-paragraph\">Tak zase raz pri p\u00e1dlovan\u00ed<\/p>\n\n\n\n<p class=\"wp-block-paragraph\">Ahoj<\/p>\n","protected":false},"excerpt":{"rendered":"<p>Dunajsk\u00e9 ramen\u00e1 \u2013 druh\u00e1 strana V\u00fdprava prv\u00e1 \u2013 Horn\u00e1 delta Term\u00edn Bratislava 22. 03. 2003 U\u017e neraz som splavoval Dunaj medzi Bratislavou a \u0160t\u00farovom, prelozil som \u010das\u0165 na\u0161ich ramien \u2013 pod\u013ea m\u0148a svetov\u00fd unik\u00e1t vn\u00fatrozemskej delty zohaven\u00fd a zmrza\u010den\u00fd skazonosn\u00fdm vodn\u00fdm dielom. Po\u010das t\u00fdchto plavieb mojej pozornosti neunikla voda mizn\u00faca niekde na ma\u010farskej strane Dunaja,&hellip;&nbsp;<a href=\"https:\/\/www.lodenicaKVS.sk\/?p=239\" rel=\"bookmark\">\u010c\u00edta\u0165 viac &raquo;<span class=\"screen-reader-text\">Horn\u00e1 delta<\/span><\/a><\/p>\n","protected":false},"author":1,"featured_media":2832,"comment_status":"open","ping_status":"open","sticky":false,"template":"","format":"standard","meta":{"_crdt_document":"","advgb_blocks_editor_width":"","advgb_blocks_columns_visual_guide":"","neve_meta_sidebar":"","neve_meta_container":"","neve_meta_enable_content_width":"","neve_meta_content_width":0,"neve_meta_title_alignment":"","neve_meta_author_avatar":"","neve_post_elements_order":"","neve_meta_disable_header":"","neve_meta_disable_footer":"","neve_meta_disable_title":"","footnotes":""},"categories":[5],"tags":[],"class_list":["post-239","post","type-post","status-publish","format-standard","has-post-thumbnail","hentry","category-archiv"],"author_meta":{"display_name":"keysho","author_link":"https:\/\/www.lodenicaKVS.sk\/?author=1"},"featured_img":"https:\/\/www.lodenicaKVS.sk\/wp-content\/uploads\/2003\/04\/Delta-300x287.png","coauthors":[],"tax_additional":{"categories":{"linked":["<a href=\"https:\/\/www.lodenicaKVS.sk\/?cat=5\" class=\"advgb-post-tax-term\">KV\u0160<\/a>"],"unlinked":["<span class=\"advgb-post-tax-term\">KV\u0160<\/span>"]}},"comment_count":"0","relative_dates":{"created":"Posted 23 rokov ago","modified":"Updated 6 rokov ago"},"absolute_dates":{"created":"Posted on 22.03.2003","modified":"Updated on 03.02.2020"},"absolute_dates_time":{"created":"Posted on 22.03.2003 22:46","modified":"Updated on 03.02.2020 04:18"},"featured_img_caption":"","series_order":"","_links":{"self":[{"href":"https:\/\/www.lodenicaKVS.sk\/index.php?rest_route=\/wp\/v2\/posts\/239","targetHints":{"allow":["GET"]}}],"collection":[{"href":"https:\/\/www.lodenicaKVS.sk\/index.php?rest_route=\/wp\/v2\/posts"}],"about":[{"href":"https:\/\/www.lodenicaKVS.sk\/index.php?rest_route=\/wp\/v2\/types\/post"}],"author":[{"embeddable":true,"href":"https:\/\/www.lodenicaKVS.sk\/index.php?rest_route=\/wp\/v2\/users\/1"}],"replies":[{"embeddable":true,"href":"https:\/\/www.lodenicaKVS.sk\/index.php?rest_route=%2Fwp%2Fv2%2Fcomments&post=239"}],"version-history":[{"count":3,"href":"https:\/\/www.lodenicaKVS.sk\/index.php?rest_route=\/wp\/v2\/posts\/239\/revisions"}],"predecessor-version":[{"id":2830,"href":"https:\/\/www.lodenicaKVS.sk\/index.php?rest_route=\/wp\/v2\/posts\/239\/revisions\/2830"}],"wp:featuredmedia":[{"embeddable":true,"href":"https:\/\/www.lodenicaKVS.sk\/index.php?rest_route=\/wp\/v2\/media\/2832"}],"wp:attachment":[{"href":"https:\/\/www.lodenicaKVS.sk\/index.php?rest_route=%2Fwp%2Fv2%2Fmedia&parent=239"}],"wp:term":[{"taxonomy":"category","embeddable":true,"href":"https:\/\/www.lodenicaKVS.sk\/index.php?rest_route=%2Fwp%2Fv2%2Fcategories&post=239"},{"taxonomy":"post_tag","embeddable":true,"href":"https:\/\/www.lodenicaKVS.sk\/index.php?rest_route=%2Fwp%2Fv2%2Ftags&post=239"}],"curies":[{"name":"wp","href":"https:\/\/api.w.org\/{rel}","templated":true}]}}