{"id":3435,"date":"2020-06-26T16:11:34","date_gmt":"2020-06-26T14:11:34","guid":{"rendered":"https:\/\/www.lodenicaKVS.sk\/?p=3435"},"modified":"2020-06-26T16:11:36","modified_gmt":"2020-06-26T14:11:36","slug":"den-otvorenych-dveri-v-karloveskej-lodenici","status":"publish","type":"post","link":"https:\/\/www.lodenicaKVS.sk\/?p=3435","title":{"rendered":"De\u0148 otvoren\u00fdch dver\u00ed v KARLOVESKEJ LODENICI"},"content":{"rendered":"\n<p class=\"wp-block-paragraph\">Term\u00edn: <strong>sobota 4. j\u00fala<\/strong> 2020 od 10. do 16. h<\/p>\n\n\n\n<p class=\"wp-block-paragraph\">Miesto: are\u00e1l <strong>Klubu vodn\u00fdch \u0161portov<\/strong> pri Karloveskej z\u00e1toke<\/p>\n\n\n\n<p class=\"wp-block-paragraph\">Program pre deti aj dospel\u00fdch:<\/p>\n\n\n\n<ul class=\"wp-block-list\"><li>uk\u00e1\u017eky r\u00f4znych typov plavidiel spojen\u00e9 s&nbsp;v\u00fdkladom vod\u00e1ckych in\u0161truktorov<\/li><li>uk\u00e1\u017eky vod\u00e1ckeho&nbsp; vybavenia s&nbsp;vysvetlen\u00edm sk\u00fasen\u00fdch vod\u00e1kov<\/li><li>jazdy na kanoe, kajaku, pramici pod\u013ea vodn\u00e9ho stavu v&nbsp;Karloveskom ramene<\/li><li>prehliadka priestorov novej Karloveskej lodenice<\/li><li>inform\u00e1cie o&nbsp;\u010dinnosti Klubu vodn\u00fdch \u0161portov Karlova Ves<\/li><li>mo\u017enosti \u010dlenstva v&nbsp;Karloveskej lodenici<\/li><li>hry a&nbsp;s\u00fa\u0165a\u017ee pre deti<\/li><\/ul>\n\n\n\n<p class=\"wp-block-paragraph\"><\/p>\n","protected":false},"excerpt":{"rendered":"<p>Term\u00edn: sobota 4. j\u00fala 2020 od 10. do 16. h Miesto: are\u00e1l Klubu vodn\u00fdch \u0161portov pri Karloveskej z\u00e1toke Program pre deti aj dospel\u00fdch: uk\u00e1\u017eky r\u00f4znych typov plavidiel spojen\u00e9 s&nbsp;v\u00fdkladom vod\u00e1ckych in\u0161truktorov uk\u00e1\u017eky vod\u00e1ckeho&nbsp; vybavenia s&nbsp;vysvetlen\u00edm sk\u00fasen\u00fdch vod\u00e1kov jazdy na kanoe, kajaku, pramici pod\u013ea vodn\u00e9ho stavu v&nbsp;Karloveskom ramene prehliadka priestorov novej Karloveskej lodenice inform\u00e1cie o&nbsp;\u010dinnosti Klubu&hellip;&nbsp;<a href=\"https:\/\/www.lodenicaKVS.sk\/?p=3435\" rel=\"bookmark\">\u010c\u00edta\u0165 viac &raquo;<span class=\"screen-reader-text\">De\u0148 otvoren\u00fdch dver\u00ed v KARLOVESKEJ LODENICI<\/span><\/a><\/p>\n","protected":false},"author":1,"featured_media":2304,"comment_status":"closed","ping_status":"closed","sticky":false,"template":"","format":"standard","meta":{"_crdt_document":"","advgb_blocks_editor_width":"","advgb_blocks_columns_visual_guide":"","neve_meta_sidebar":"","neve_meta_container":"","neve_meta_enable_content_width":"off","neve_meta_content_width":0,"neve_meta_title_alignment":"","neve_meta_author_avatar":"","neve_post_elements_order":"","neve_meta_disable_header":"","neve_meta_disable_footer":"","neve_meta_disable_title":"","footnotes":""},"categories":[5,4],"tags":[],"class_list":["post-3435","post","type-post","status-publish","format-standard","has-post-thumbnail","hentry","category-archiv","category-verejnost"],"author_meta":{"display_name":"keysho","author_link":"https:\/\/www.lodenicaKVS.sk\/?author=1"},"featured_img":"https:\/\/www.lodenicaKVS.sk\/wp-content\/uploads\/2017\/06\/DSC_3517-300x227.jpg","coauthors":[],"tax_additional":{"categories":{"linked":["<a href=\"https:\/\/www.lodenicaKVS.sk\/?cat=5\" class=\"advgb-post-tax-term\">KV\u0160<\/a>","<a href=\"https:\/\/www.lodenicaKVS.sk\/?cat=4\" class=\"advgb-post-tax-term\">Verejnos\u0165<\/a>"],"unlinked":["<span class=\"advgb-post-tax-term\">KV\u0160<\/span>","<span class=\"advgb-post-tax-term\">Verejnos\u0165<\/span>"]}},"comment_count":"0","relative_dates":{"created":"Posted 6 rokov ago","modified":"Updated 6 rokov ago"},"absolute_dates":{"created":"Posted on 26.06.2020","modified":"Updated on 26.06.2020"},"absolute_dates_time":{"created":"Posted on 26.06.2020 16:11","modified":"Updated on 26.06.2020 16:11"},"featured_img_caption":"","series_order":"","_links":{"self":[{"href":"https:\/\/www.lodenicaKVS.sk\/index.php?rest_route=\/wp\/v2\/posts\/3435","targetHints":{"allow":["GET"]}}],"collection":[{"href":"https:\/\/www.lodenicaKVS.sk\/index.php?rest_route=\/wp\/v2\/posts"}],"about":[{"href":"https:\/\/www.lodenicaKVS.sk\/index.php?rest_route=\/wp\/v2\/types\/post"}],"author":[{"embeddable":true,"href":"https:\/\/www.lodenicaKVS.sk\/index.php?rest_route=\/wp\/v2\/users\/1"}],"replies":[{"embeddable":true,"href":"https:\/\/www.lodenicaKVS.sk\/index.php?rest_route=%2Fwp%2Fv2%2Fcomments&post=3435"}],"version-history":[{"count":2,"href":"https:\/\/www.lodenicaKVS.sk\/index.php?rest_route=\/wp\/v2\/posts\/3435\/revisions"}],"predecessor-version":[{"id":3443,"href":"https:\/\/www.lodenicaKVS.sk\/index.php?rest_route=\/wp\/v2\/posts\/3435\/revisions\/3443"}],"wp:featuredmedia":[{"embeddable":true,"href":"https:\/\/www.lodenicaKVS.sk\/index.php?rest_route=\/wp\/v2\/media\/2304"}],"wp:attachment":[{"href":"https:\/\/www.lodenicaKVS.sk\/index.php?rest_route=%2Fwp%2Fv2%2Fmedia&parent=3435"}],"wp:term":[{"taxonomy":"category","embeddable":true,"href":"https:\/\/www.lodenicaKVS.sk\/index.php?rest_route=%2Fwp%2Fv2%2Fcategories&post=3435"},{"taxonomy":"post_tag","embeddable":true,"href":"https:\/\/www.lodenicaKVS.sk\/index.php?rest_route=%2Fwp%2Fv2%2Ftags&post=3435"}],"curies":[{"name":"wp","href":"https:\/\/api.w.org\/{rel}","templated":true}]}}