{"id":3669,"date":"2020-09-26T14:02:00","date_gmt":"2020-09-26T12:02:00","guid":{"rendered":"https:\/\/www.lodenicaKVS.sk\/?p=3669"},"modified":"2020-09-29T14:13:35","modified_gmt":"2020-09-29T12:13:35","slug":"bieli-vlci-na-dunaji","status":"publish","type":"post","link":"https:\/\/www.lodenicaKVS.sk\/?p=3669","title":{"rendered":"V\u013a\u010dat\u00e1 v lodenici"},"content":{"rendered":"\n<p class=\"wp-block-paragraph\">V sobotu 26.9. bol napl\u00e1novan\u00fd v\u00fdlet skautsk\u00e9ho vl\u010diackeho oddielu Bieli Vlci na rameno. Oddiel patr\u00ed pod zbor Biele Delf\u00edny s ktor\u00fdm dlhodobo spolupracujeme. Boli nachystan\u00e9 tri pramice ale pre zl\u00e9 po\u010dasie r\u00e1no sa po\u010det pos\u00e1dok zredukoval z 12 det\u00ed na 5 det\u00ed. K\u00fdm bolo \u0161karedo tak si chystali amulety na b\u00e1jnu rieku styx a ke\u010f sa vy\u010dasilo \u0161li sme na rameno &#8211; pard\u00f3n\u00a0na N\u00edl. Vylodili sme sa na ostrove,\u00a0 postavili pyram\u00eddu a u\u010dili sa h\u00e1dza\u0165 \u017eabky. Po ramene sme splavili\u00a0dole k Tine a v\u00fdlet zakon\u010dili neskor\u00fdm obedom na lodenici.<\/p>\n\n\n\n<p class=\"wp-block-paragraph\">maco<\/p>\n\n\n\n<figure class=\"wp-block-gallery columns-3 is-cropped wp-block-gallery-1\"><ul class=\"blocks-gallery-grid\"><li class=\"blocks-gallery-item\"><figure><img fetchpriority=\"high\" decoding=\"async\" width=\"768\" height=\"1024\" src=\"https:\/\/www.lodenicaKVS.sk\/wp-content\/uploads\/2020\/09\/RIMG4284-768x1024.jpg\" alt=\"\" data-id=\"3670\" data-full-url=\"https:\/\/www.lodenicaKVS.sk\/wp-content\/uploads\/2020\/09\/RIMG4284-scaled.jpg\" data-link=\"https:\/\/www.lodenicaKVS.sk\/?attachment_id=3670\" class=\"wp-image-3670\" srcset=\"https:\/\/www.lodenicaKVS.sk\/wp-content\/uploads\/2020\/09\/RIMG4284-768x1024.jpg 768w, https:\/\/www.lodenicaKVS.sk\/wp-content\/uploads\/2020\/09\/RIMG4284-225x300.jpg 225w, https:\/\/www.lodenicaKVS.sk\/wp-content\/uploads\/2020\/09\/RIMG4284-1152x1536.jpg 1152w, https:\/\/www.lodenicaKVS.sk\/wp-content\/uploads\/2020\/09\/RIMG4284-1536x2048.jpg 1536w, https:\/\/www.lodenicaKVS.sk\/wp-content\/uploads\/2020\/09\/RIMG4284-scaled.jpg 1920w\" sizes=\"(max-width: 768px) 100vw, 768px\" \/><\/figure><\/li><li class=\"blocks-gallery-item\"><figure><img decoding=\"async\" width=\"1024\" height=\"768\" src=\"https:\/\/www.lodenicaKVS.sk\/wp-content\/uploads\/2020\/09\/RIMG4291-1024x768.jpg\" alt=\"\" data-id=\"3671\" data-full-url=\"https:\/\/www.lodenicaKVS.sk\/wp-content\/uploads\/2020\/09\/RIMG4291-scaled.jpg\" data-link=\"https:\/\/www.lodenicaKVS.sk\/?attachment_id=3671\" class=\"wp-image-3671\" srcset=\"https:\/\/www.lodenicaKVS.sk\/wp-content\/uploads\/2020\/09\/RIMG4291-1024x768.jpg 1024w, https:\/\/www.lodenicaKVS.sk\/wp-content\/uploads\/2020\/09\/RIMG4291-300x225.jpg 300w, https:\/\/www.lodenicaKVS.sk\/wp-content\/uploads\/2020\/09\/RIMG4291-768x576.jpg 768w, https:\/\/www.lodenicaKVS.sk\/wp-content\/uploads\/2020\/09\/RIMG4291-1536x1152.jpg 1536w, https:\/\/www.lodenicaKVS.sk\/wp-content\/uploads\/2020\/09\/RIMG4291-2048x1536.jpg 2048w\" sizes=\"(max-width: 1024px) 100vw, 1024px\" \/><\/figure><\/li><li class=\"blocks-gallery-item\"><figure><img decoding=\"async\" width=\"1024\" height=\"768\" src=\"https:\/\/www.lodenicaKVS.sk\/wp-content\/uploads\/2020\/09\/RIMG4298-1024x768.jpg\" alt=\"\" data-id=\"3672\" data-full-url=\"https:\/\/www.lodenicaKVS.sk\/wp-content\/uploads\/2020\/09\/RIMG4298-scaled.jpg\" data-link=\"https:\/\/www.lodenicaKVS.sk\/?attachment_id=3672\" class=\"wp-image-3672\" srcset=\"https:\/\/www.lodenicaKVS.sk\/wp-content\/uploads\/2020\/09\/RIMG4298-1024x768.jpg 1024w, https:\/\/www.lodenicaKVS.sk\/wp-content\/uploads\/2020\/09\/RIMG4298-300x225.jpg 300w, https:\/\/www.lodenicaKVS.sk\/wp-content\/uploads\/2020\/09\/RIMG4298-768x576.jpg 768w, https:\/\/www.lodenicaKVS.sk\/wp-content\/uploads\/2020\/09\/RIMG4298-1536x1152.jpg 1536w, https:\/\/www.lodenicaKVS.sk\/wp-content\/uploads\/2020\/09\/RIMG4298-2048x1536.jpg 2048w\" sizes=\"(max-width: 1024px) 100vw, 1024px\" \/><\/figure><\/li><li class=\"blocks-gallery-item\"><figure><img loading=\"lazy\" decoding=\"async\" width=\"1024\" height=\"768\" src=\"https:\/\/www.lodenicaKVS.sk\/wp-content\/uploads\/2020\/09\/RIMG4267-1024x768.jpg\" alt=\"\" data-id=\"3673\" data-full-url=\"https:\/\/www.lodenicaKVS.sk\/wp-content\/uploads\/2020\/09\/RIMG4267-scaled.jpg\" data-link=\"https:\/\/www.lodenicaKVS.sk\/?attachment_id=3673\" class=\"wp-image-3673 is-layout-flex wp-block-gallery-is-layout-flex\" srcset=\"https:\/\/www.lodenicaKVS.sk\/wp-content\/uploads\/2020\/09\/RIMG4267-1024x768.jpg 1024w, https:\/\/www.lodenicaKVS.sk\/wp-content\/uploads\/2020\/09\/RIMG4267-300x225.jpg 300w, https:\/\/www.lodenicaKVS.sk\/wp-content\/uploads\/2020\/09\/RIMG4267-768x576.jpg 768w, https:\/\/www.lodenicaKVS.sk\/wp-content\/uploads\/2020\/09\/RIMG4267-1536x1152.jpg 1536w, https:\/\/www.lodenicaKVS.sk\/wp-content\/uploads\/2020\/09\/RIMG4267-2048x1536.jpg 2048w\" sizes=\"(max-width: 1024px) 100vw, 1024px\" \/><\/figure><\/li><\/ul><\/figure>\n\n\n\n<p class=\"wp-block-paragraph\"><\/p>\n","protected":false},"excerpt":{"rendered":"<p>V sobotu 26.9. bol napl\u00e1novan\u00fd v\u00fdlet skautsk\u00e9ho vl\u010diackeho oddielu Bieli Vlci na rameno. Oddiel patr\u00ed pod zbor Biele Delf\u00edny s ktor\u00fdm dlhodobo spolupracujeme. Boli nachystan\u00e9 tri pramice ale pre zl\u00e9 po\u010dasie r\u00e1no sa po\u010det pos\u00e1dok zredukoval z 12 det\u00ed na 5 det\u00ed. K\u00fdm bolo \u0161karedo tak si chystali amulety na b\u00e1jnu rieku styx a ke\u010f&hellip;&nbsp;<a href=\"https:\/\/www.lodenicaKVS.sk\/?p=3669\" rel=\"bookmark\">\u010c\u00edta\u0165 viac &raquo;<span class=\"screen-reader-text\">V\u013a\u010dat\u00e1 v lodenici<\/span><\/a><\/p>\n","protected":false},"author":1,"featured_media":3671,"comment_status":"closed","ping_status":"closed","sticky":false,"template":"","format":"standard","meta":{"_crdt_document":"","advgb_blocks_editor_width":"","advgb_blocks_columns_visual_guide":"","neve_meta_sidebar":"","neve_meta_container":"","neve_meta_enable_content_width":"off","neve_meta_content_width":0,"neve_meta_title_alignment":"","neve_meta_author_avatar":"","neve_post_elements_order":"","neve_meta_disable_header":"","neve_meta_disable_footer":"","neve_meta_disable_title":"","footnotes":""},"categories":[5],"tags":[286,285,268],"class_list":["post-3669","post","type-post","status-publish","format-standard","has-post-thumbnail","hentry","category-archiv","tag-biele-delfiny","tag-bieli-vlci","tag-karloveske-rameno"],"author_meta":{"display_name":"keysho","author_link":"https:\/\/www.lodenicaKVS.sk\/?author=1"},"featured_img":"https:\/\/www.lodenicaKVS.sk\/wp-content\/uploads\/2020\/09\/RIMG4291-300x225.jpg","coauthors":[],"tax_additional":{"categories":{"linked":["<a href=\"https:\/\/www.lodenicaKVS.sk\/?cat=5\" class=\"advgb-post-tax-term\">KV\u0160<\/a>"],"unlinked":["<span class=\"advgb-post-tax-term\">KV\u0160<\/span>"]},"tags":{"linked":["<a href=\"https:\/\/www.lodenicaKVS.sk\/?cat=5\" class=\"advgb-post-tax-term\">Biele delf\u00edny<\/a>","<a href=\"https:\/\/www.lodenicaKVS.sk\/?cat=5\" class=\"advgb-post-tax-term\">Bieli vlci<\/a>","<a href=\"https:\/\/www.lodenicaKVS.sk\/?cat=5\" class=\"advgb-post-tax-term\">Karlovesk\u00e9 rameno<\/a>"],"unlinked":["<span class=\"advgb-post-tax-term\">Biele delf\u00edny<\/span>","<span class=\"advgb-post-tax-term\">Bieli vlci<\/span>","<span class=\"advgb-post-tax-term\">Karlovesk\u00e9 rameno<\/span>"]}},"comment_count":"0","relative_dates":{"created":"Posted 6 rokov ago","modified":"Updated 6 rokov ago"},"absolute_dates":{"created":"Posted on 26.09.2020","modified":"Updated on 29.09.2020"},"absolute_dates_time":{"created":"Posted on 26.09.2020 14:02","modified":"Updated on 29.09.2020 14:13"},"featured_img_caption":"","series_order":"","_links":{"self":[{"href":"https:\/\/www.lodenicaKVS.sk\/index.php?rest_route=\/wp\/v2\/posts\/3669","targetHints":{"allow":["GET"]}}],"collection":[{"href":"https:\/\/www.lodenicaKVS.sk\/index.php?rest_route=\/wp\/v2\/posts"}],"about":[{"href":"https:\/\/www.lodenicaKVS.sk\/index.php?rest_route=\/wp\/v2\/types\/post"}],"author":[{"embeddable":true,"href":"https:\/\/www.lodenicaKVS.sk\/index.php?rest_route=\/wp\/v2\/users\/1"}],"replies":[{"embeddable":true,"href":"https:\/\/www.lodenicaKVS.sk\/index.php?rest_route=%2Fwp%2Fv2%2Fcomments&post=3669"}],"version-history":[{"count":3,"href":"https:\/\/www.lodenicaKVS.sk\/index.php?rest_route=\/wp\/v2\/posts\/3669\/revisions"}],"predecessor-version":[{"id":3676,"href":"https:\/\/www.lodenicaKVS.sk\/index.php?rest_route=\/wp\/v2\/posts\/3669\/revisions\/3676"}],"wp:featuredmedia":[{"embeddable":true,"href":"https:\/\/www.lodenicaKVS.sk\/index.php?rest_route=\/wp\/v2\/media\/3671"}],"wp:attachment":[{"href":"https:\/\/www.lodenicaKVS.sk\/index.php?rest_route=%2Fwp%2Fv2%2Fmedia&parent=3669"}],"wp:term":[{"taxonomy":"category","embeddable":true,"href":"https:\/\/www.lodenicaKVS.sk\/index.php?rest_route=%2Fwp%2Fv2%2Fcategories&post=3669"},{"taxonomy":"post_tag","embeddable":true,"href":"https:\/\/www.lodenicaKVS.sk\/index.php?rest_route=%2Fwp%2Fv2%2Ftags&post=3669"}],"curies":[{"name":"wp","href":"https:\/\/api.w.org\/{rel}","templated":true}]}}