{"id":374,"date":"2001-05-27T22:18:00","date_gmt":"2001-05-27T20:18:00","guid":{"rendered":"http:\/\/www.lodenicaKVS.sk\/?p=374"},"modified":"2019-11-27T21:04:58","modified_gmt":"2019-11-27T20:04:58","slug":"wwat-2001","status":"publish","type":"post","link":"https:\/\/www.lodenicaKVS.sk\/?p=374","title":{"rendered":"Wild Water Alps Tour 2001"},"content":{"rendered":"<p>Alpsk\u00e9 rieky 2001, alebo putovanie Eur\u00f3pou&#8230;<br \/>\n( WWAT \u2013 Wild Water Alps Tour 2001 )<\/p>\n<p>\u200b<a href=\"http:\/\/www.lodenicaKVS.sk\/wp-content\/uploads\/2002\/05\/Geronimo-logo-red.jpeg\"><img decoding=\"async\" class=\"alignnone size-thumbnail wp-image-291\" title=\"Geronimo-logo-red\" src=\"http:\/\/www.lodenicaKVS.sk\/wp-content\/uploads\/2002\/05\/Geronimo-logo-red-150x150.jpg\" alt=\"\" width=\"150\" height=\"150\" \/><\/a><\/p>\n<p>P\u00f4vodn\u00fd n\u00e1zov tejto akcie ( niektor\u00ed tomu hovoria aj z\u00e1jazd pr\u00edpadne exped\u00edcia) bol PIEMONT 2001. Ked\u017ee do Piemontu sme sa v\u00f4bec nedostali, n\u00e1zov akcie sa n\u00e1m tro\u0161ku zmenil. Kde sme to vlastne boli? V Rak\u00fasku, chv\u00edlo\u010dku v Nemecku ale v\u00e4\u010d\u0161inu \u010dasu sme tr\u00e1vali vo \u0160vaj\u010diarsku.<\/p>\n<h3>Term\u00edn<\/h3>\n<p>18.5.2001 \u2013 27.5.2001\u200b<\/p>\n<p>Zostava:<br \/>\n\u200b<br \/>\n\u200b6ks: Mizo, Sa\u0161a, Mir\u00edk, \u0160e\u010fo, Luci\u0161a a n\u00e1\u0161 dvorn\u00fd fotograf a kameraman F\u0161eved<\/p>\n<h3>Doprava<\/h3>\n<p>\u200bTmavomodr\u00fd metal\u00edzovan\u00fd Ford Tranzit (bez autor\u00e1dia) s vlekom na kajaky a bicykle po\u017ei\u010dan\u00fd s CK AAC (Jo\u017eo \u010cern\u00fd).<\/p>\n<h3>Po\u010dasie<\/h3>\n<p>\u200bVe\u013emi pr\u00edjemn\u00e9 a tepl\u00e9, trochu n\u00e1m aj zapr\u0161alo, ale na\u0161\u0165astie sme v\u017edu pod nejak\u00fa strechu zaliezli.<\/p>\n<h3>Stru\u010dn\u00e1 \u0161tatistika<\/h3>\n<p>Cca:\u200b 2.700 Km \u200bnajazden\u00fdch Tranzitom na cest\u00e1ch<br \/>\na necest\u00e1ch<br \/>\n\u200b85 Km (6 riek) splaven\u00fdch na na\u0161ich \u010dlnkoch<br \/>\n\u200b1 de\u0148\u200b treku a turistiky<br \/>\n\u200b12 filmov \u200bvyfoten\u00fdch<br \/>\n\u200b1 hodina \u200bnato\u010den\u00e9ho videoz\u00e1znamu<\/p>\n<h3>To\u0165 na\u0161e z\u00e1pisky<\/h3>\n<h3>Piatok 18.5.2001<\/h3>\n<p>\u200bOdchod je stanoven\u00fd na hodinu o ktorej vieme dopredu, \u017ee ju nebudeme st\u00edha\u0165. Najprv me\u0161k\u00e1 Jo\u017eo s autom a tesne pred odchodm n\u00e1m oznamuje, \u017ee auto ktor\u00e9 m\u00e1 pre n\u00e1s pripraven\u00e9 je asi o meter krat\u0161ie a tak m\u00e1me od za\u010diatku strach, \u010di sa pomest\u00edme. Preto vyhadzuejeme jednu radu sedadiel a hne\u010f to z priestorom vyzer\u00e1 o \u010dosi lep\u0161ie. Balenie n\u00e1m trv\u00e1 nekone\u010dne dlho, ale najviac n\u00e1s v\u0161etk\u00fdch tr\u00e1pi, \u017ee v aute nem\u00e1me \u017eiadnu hudbu, \u017eiadne r\u00e1dio a ni\u010d podobn\u00e9. U\u017e vopred m\u00e1m obavy \u010di nebudem po\u010d\u00fava\u0165 za jazdy spev opilcov. \u0160e\u010fo m\u00e1 zase starosti z bicyklami: \u201e Na\u010do berieme tie bycikle, ve\u010f je to zbyto\u010dn\u00e9\u201c. (Teraz po na\u0161ej akcii mu mus\u00edm da\u0165 za pravdu). Bicykle sa do voz\u00edka nezmestia aj dieru sa n\u00e1m do vleku podarilo urobi\u0165 a k\u00fdm ich navia\u017eeme na kon\u0161trukciu, padn\u00fa n\u00e1m asi zo p\u00e4\u0165kr\u00e1t a podar\u00ed sa n\u00e1m aj blatn\u00edk na vleku odtrhn\u00fa\u0165. Hotov\u00e1 pohroma. Dieru zalepujeme \u0161peci\u00e1lnou p\u00e1skou a blatn\u00edk opravuje n\u00e1\u0161 F\u0161evedko dr\u00f4tikom. Ale nakoniec sa ako tak pobal\u00edme, kopa veci vo vn\u00fatri s pelechom na spanie pre troch \u013eud\u00ed, jedlo (na desa\u0165 dn\u00ed) a vod\u00e1cke veci s P\u00e1lavou vo vleku a na vleku 4 kajaky a 4 bicykle. Po polnoci op\u00fa\u0161\u0165ame Bratislavu smer Brno. Mir\u00edk sa rozhodol, \u017ee tadia\u013e je to do Rak\u00faska bli\u017e\u0161ie a aby sme do Brna ne\u0161li zbyto\u010dne naklad\u00e1me tu Mir\u00edkovu nov\u00fa Pyranhu Inazonu dvestotridsiadku (pre t\u00fdch \u010do nevedia Inazona je kajak).<br \/>\nAsi sme mali m\u00e1lo lodiek na vleku. Najlep\u0161\u00ed \u010das na nakupovenie vo vod\u00e1ckom obchode je o druhej v noci. Kone\u010dne prech\u00e1dzame hranicami smer Rak\u00fasko, mal\u00e9 zdr\u017eanie &#8211; or\u00e1\u017eame na\u0161ich \u0161es\u0165 blo\u010dkov od kajaku ( DPH ) a na radu \u010cesk\u00fdch coln\u00edkov sa Rak\u00fa\u0161akom nechv\u00e1lime \u017ee m\u00e1me nejak\u00fd nov\u00fd kajak. \u010ealej a\u017e do r\u00e1na bieleho striedavo \u0161of\u00e9rujeme \u010do n\u00e1m sily sta\u010dia zatia\u013e \u010do ostatn\u00ed si k\u013eudne spinkaj\u00fa.<\/p>\n<h3>Sobota 19.5.2001<\/h3>\n<p>Ked\u017ee n\u00e1\u0161 pl\u00e1n nieje dopredu jasn\u00fd v noci po\u010das dlhej cesty sa rozhodujeme, \u017ee splavova\u0165 za\u010dneme na rieke Inn pri meste Imst. Vody je a\u017e a\u017e, len u\u017e n\u00e1js\u0165 vo\u013eakoho kto n\u00e1m vyvezie \u0161of\u00e9ra hore aby aj on mohol na vodu. A m\u00e1me naozaj \u0161\u0165astie pri\u0161li n\u00e1m do rany na\u0161i kamar\u00e1ti z \u010ciech, ktor\u00ed sa zrovna po t\u00fd\u017edni vracali pr\u00e1ve z riek Piemontu. A tak spolo\u010dne s nimi zv\u00e1\u017eame na\u0161e auto a sad\u00e1me na vodu za pekn\u00e9ho, slne\u010dn\u00e9ho po\u010dasia. Rie\u010dka ve\u013emi pekn\u00e1, obrovsk\u00e9 vlny a nikto sa ani nek\u00fapal. Kon\u010d\u00edme v Haimingu pri moste, tu sa n\u00e1m podar\u00ed v\u00fdhodne k\u00fapi\u0165 od \u010cechov \u0161vaj\u010diarske n\u00e1lepky na vlek a auto, a pres\u00favame sa podve\u010der na Sannu kde sad\u00e1me znova na vodu. Na Sanne sa n\u00e1m darilo u\u017e o \u010dosi lep\u0161ie \u2013 Sa\u0161ka sa n\u00e1m vykopala, tro\u0161ku n\u00e1m spanik\u00e1rila. V\u0161etko sme pochytali a \u010falej sme splavovali u\u017e v pohode. F\u0161eved zv\u00e1\u017eal na Sanne auto a fotil ako div\u00fd. Sp\u00edme k\u00fasok od Sanny, pri rie\u010dke Trisanna kde od samej radosti, \u017ee sa mi podarilo n\u00e1s\u0165 dobr\u00fd flek na spanie som zalomil vlek pri c\u00favan\u00ed. Na\u0161\u0165astie sa ni\u010d v\u00e1\u017ene nestalo a exped\u00edcia m\u00f4\u017ee pokra\u010dova\u0165 so zalepen\u00fdm svetlom \u010falej. Pri vode je riadna zima a tak rozklad\u00e1me ohe\u0148 pri ktorom sa ohrievame a sp\u00edme poniektor\u00ed vonku a poniektor\u00ed v aute.<\/p>\n<p>Postreh d\u0148a: Pri c\u00favan\u00ed s vlekom sa mus\u00ed\u0161 pozera\u0165 dozadu. Nato pri\u0161iel F\u0161eved chv\u00ed\u013eu pred t\u00fdm ako som ja \u0161ikul\u00e1k vlek zalomil a to len pre to, \u017ee som F\u0161eveda poriadne nepo\u010d\u00faval.<\/p>\n<h3>Nede\u013ea 20.5.2001<\/h3>\n<p>\u200bR\u00e1no su\u0161\u00edme spac\u00e1ky a karimatky navlhnut\u00e9 od rosy a kone\u010dne si pripravujeme poriadne ra\u0148ajky. Pres\u00favame sa do \u0160vaj\u010diarska a cestou obzer\u00e1me niektor\u00e9 \u00faseky Innu ktor\u00e9 sme u\u017e splavovali alebo chceli by sme splavova\u0165. Za hranicami nie je nikto ochotn\u00fd na F\u0161evedovo sklamenie nav\u0161t\u00edvi\u0165 bezcoln\u00fa z\u00f3nu. Nafty m\u00e1me dostatok, tak potom na\u010do. Sad\u00e1me na Inn nad meste\u010dkom Scoul (Martinna strecke). Zv\u00e1\u017eame auto spolo\u010dne s Luci\u0161ou a na miesto \u0161tartu s pres\u00favame na Bicykloch. Na nie\u010do n\u00e1m tie t\u00e1to\u0161e boli predsa dobr\u00e9. Bicykle schov\u00e1vame v lese a spolo\u010dne splavujeme asi 6 Km ve\u013emi peknej trojky. Luci\u0161a so F\u0161evedom id\u00fa na P\u00e1lave a ide im to celkom dobre, akur\u00e1t Luci\u0161a neust\u00e1le reve na F\u0161eveda a ka\u017ed\u00fa chvi\u013eu musia vylieva\u0165 vodu. Nikto sa n\u00e1m neok\u00fapal a v\u0161etci sme dosplavovali k autu za kon\u0161tatovania, \u017ee naposledy tu bolo o \u010dosi menej vody. Po naviazan\u00ed lodiek a bicyklov pokra\u010dujeme \u010falej smerom do Reichenau k rieke Vorderhein. Pod\u013ea mapy sme vybrali najkraj\u0161iu (a najkrat\u0161iu) cestu cez priesmyk Fl\u00fcelapa\u00df vo v\u00fd\u0161ke 2383 m. Auto do kopca na jednotke ledva fu\u010dalo a \u010d\u00edm vy\u0161\u0161ie sme boli st\u00e1le viac snehu okolo n\u00e1s bolo. Tesne pred vrcholom, ke\u010f boli okolo cesty v\u0161ade dva metre snehu, sme zastavili a pozvezovali kajaky. Tu sme sa pretekali v kajakovom zja\u010fovan\u00ed na snehu. Niektor\u00ed z n\u00e1s boli tak\u00ed r\u00fdchli, \u017ee a\u017e na ceste museli brzdi\u0165. \u010ealej pokra\u010dujeme do Reichenau a obzer\u00e1me Davos a rie\u010dku Landqaurt ktor\u00e1 m\u00e1 dos\u0165 vody a pre n\u00e1s nieje ve\u013emi splavn\u00e1. N\u00e1\u0161 zn\u00e1my kemp pri Reichenau u\u017e okupuj\u00fa \u0160vaj\u010diarski cig\u00e1ni , pozn\u00e1me ich pod\u013ea obrovsk\u00fdch karavanov \u0165ahan\u00e9 Mercedesmi a zd\u00e1 sa n\u00e1m, \u017ee sme aj vajdove auto videli bola to pekn\u00e1 \u010derven\u00e1 Corvette. Ke\u010f\u017ee nechceme ma\u0165 s nimy \u017eiadne probl\u00e9my sp\u00edme o k\u00fasok \u010falej pod \u017eelezni\u010dn\u00fdm mostom. Je to ve\u013emi pekn\u00e9 miesto (tr\u00e1vi\u010dka s ohniskom) na s\u00fatoku dvoch riek Vorderhein a Hinterhein ktore sa vlievaj\u00fa do rieky Rhein (R\u00fdn). Trochu n\u00e1m vadia vlaky ktor\u00e9 tu jazdia pomerne \u010dasto, ani sa poriadne nepo\u010dujeme ke\u010f n\u00e1m nejak\u00fd prefr\u010d\u00ed nad hlavou. Po celom dni sme poriadne u\u0165ahan\u00ed a tak no\u010dn\u00e9 vl\u00e1\u010diky ani neregistrujeme.<\/p>\n<p>Postreh d\u0148a: Za\u010d\u00edna sa prejavova\u0165 HarryPotterm\u00e1nia (nie\u010do podobn\u00e9 ako ponorkov\u00e1 choroba). Nakazen\u00fdmi s\u00fa Luci\u0161a a moja mali\u010dkos\u0165. Sa\u0161a a Mir\u00edk touto n\u00e1kazou pre\u0161li u\u017e doma a tak s\u00fa proti nej \u010diasto\u010dne im\u00fanny, a\u017e na konci exped\u00edcie Sa\u0161ka n\u00e1kaze pod\u013eahla znovu.<\/p>\n<h3>Pondelok 21.5.2001<\/h3>\n<p>V pl\u00e1ne m\u00e1me splavi\u0165 rieku Vorderhein \u2013 ve\u013ek\u00fd ka\u0148on \u2013 tzv. Grand ka\u0148on \u0160vaj\u010diarska. Ked\u017ee m\u00e1me pred sebou 20 Km berieme zo sebou jedlo, fo\u0165\u00e1k a kameru. Na miesto \u0161tartu znova vyber\u00e1me krat\u0161iu cestu, ale znova to bolo dos\u0165 do kopca ale n\u00e1m sa tak\u00e9to cesty ve\u013emi p\u00e1\u010dili. Cesta sa vynula nad riekou zarezan\u00e1 v skalnej stene, tak\u017ee vyliezame ka\u017ed\u00fa chv\u00ed\u013eu z auta, obzer\u00e1me a fot\u00edme ako div\u00fd. Zatia\u013e, \u010do ma v\u0161etci \u010dakaj\u00fa pri vode, zv\u00e1\u017eam auto do Reichenau a nasp\u00e4\u0165 sa veziem, \u0161vaj\u010diarskym vl\u00e1\u010dikom. Z vl\u00e1\u010diku obzer\u00e1m vodu, zd\u00e1 sa, \u017ee na vode nie je ni\u010d nebezpe\u010dn\u00e9ho. Ja zo v\u0161evedom aj z fo\u0165\u00e1kom a kamerou sa veziem v p\u00e1lave, ostan\u00ed na svojich kajakoch. Akur\u00e1t Luci\u0161a ide na mojom Tope a nad\u00e1va, preto\u017ee je pln\u00e9 na\u0161ich vec\u00ed. Preto jej \u010das\u0165 veci berieme do P\u00e1lavy. Rie\u010dka je ve\u013emi pekn\u00e1, okolo s\u00fa mnoh\u00e9 nieko\u013eko-stometrov vysok\u00e9 skaln\u00e9 steny najr\u00f4znej\u0161\u00edch tavrov. Obdivujeme, koch\u00e1me sa a F\u0161eved nevych\u00e1dza z \u00fadivu. Aj ke\u010f je to F\u0161eved (f\u0161etko videl f\u0161etko po\u010dul) toto teda e\u0161te nevidel. Pred s\u00fatokom riek na posledn\u00fdch p\u00e1r kilometrov F\u0161eveda usadzujeme do kajaku. Celkom sa mu to p\u00e1\u010dilo a ani sa neok\u00fapal. Zato Ja z Luci\u0161ou pokra\u010dujeme na P\u00e1lave, ktor\u00fa sa n\u00e1m v\u010faka n\u00e1\u0161mu blbnutiu podarilo na s\u00fatoku prevr\u00e1ti\u0165. Trochu sme si aj zapl\u00e1vali k\u00fdm sme sa dostali znova do lode. Na na\u0161om t\u00e1borisku zhadzujem zo seba neopreny a mus\u00edme \u00eds\u0165 e\u0161te na\u0161e auto zo stanice vyzdvihn\u00fa\u0165. Auto je v poriadku, akur\u00e1t za stiera\u010dom m\u00e1me pozdrav a \u0161ekov\u00fa pouk\u00e1\u017eku, reku, aby sme pokutu 40 frankov zaplatili. Rozhdli sme sa, \u017ee \u017eiadnu pokutu nebudeme plati\u0165. \u010casu m\u00e1me do ve\u010dera dos\u0165 a tak var\u00edme, napch\u00e1vame sa a \u010d\u00edtame HarryhoPotera.<\/p>\n<h3>Utorok 22.5.2001<\/h3>\n<p>\u200b\u200bR\u00e1no vyr\u00e1\u017eame \u010falej smerom na Juh a \u010dak\u00e1 n\u00e1s de\u0148 pln\u00fd autoturistiky. Najprv zasatvujeme pri rieke Albula, obzer\u00e1me a fot\u00edme priehradu zpod ktorej by sme mali sadn\u00fa\u0165 na vodu, ale na vodu rad\u0161ej nejdeme, preto\u017ee v Morene p\u00edsali ve\u013ea o tejto rieke, \u010do sa n\u00e1m ve\u013emi nep\u00e1\u010dilo. Tak\u017ee pres\u00favame sa k rieke Hinterhein-ViaMala. Viamala sa nesplavuje, ale aj tak tu bolo \u010do pozera\u0165 je to ve\u013emi pekn\u00fd ka\u0148on pr\u00edstupn\u00fd na obzeranie za 3 franky. A tak ozber\u00e1me, fot\u00edme filmujeme a koch\u00e1me sa ako prav\u00fd turisti. Pokra\u010dujeme smerom proti pr\u00fadu rieky Hinterhein, sprvoti sa chyst\u00e1me aj na vodu, ale \u010d\u00edm vy\u0161\u0161ie postupujem t\u00fdm menej sa n\u00e1m rieka p\u00e1\u010di. A tak na vodu nejdeme. Obedujeme na peknej tr\u00e1vi\u010dke pred vjazdom do tunelu pod priesmykom San Bernardino, p\u00f4vodne sme chceli \u00eds\u0165 cez priesmyk a u\u017ei\u0165 si snehu, ale cesta je zavret\u00e1 a tak po dobrom obede a hakisakovej sieste sa pres\u00favame cez Tunel do \u010fla\u0161ieho \u00fadolia. Krajinka popri k\u013eukatej ceste je ve\u013emi pekn\u00e1 a tak m\u00e1me \u010do obzera\u0165. Ideme po dia\u013enici so sklonom asi ako na Donovaloch. Z koln\u00fdch stien sa n\u00e1m ukazuje mno\u017estvo vodop\u00e1dov a vodop\u00e1dikov. \u010eal\u0161ou na\u0161ou z\u00e1stavkou je rieka Calancasca ktor\u00fa sme minul\u00fd rok splavovali. Akur\u00e1t, tento rok nebolo nikoho kto by na t\u00fato vodu sadol. Rie\u010dka je to ve\u013emi pekn\u00e1 &#8211; r\u00fdchla a vody je tie\u017e viacej ako by sa n\u00e1m p\u00e1\u010dilo. Pokra\u010dujeme smerom do \u00fadolia rieky Verzasci. Pozer\u00e1me priehradu 220m vysok\u00fa z ktorej sa mimochodom sk\u00e1\u010de bungeejumping. \u017devraj ho tam sk\u00e1kal aj James Bond vo filme Golden&#8230; N\u00e1\u0161 n\u00e1ro\u010dn\u00fd de\u0148 str\u00e1ven\u00fd cestovan\u00edm kon\u010d\u00edme na parkovicsku pri meste\u010dku Sonogno na konci \u00fadolia. E\u0161te pred ve\u010derou prezer\u00e1me ne\u010falek\u00fd vodop\u00e1d var\u00edme a unaven\u00fd si l\u00edhame ved\u013ea auta. Sp\u00ed tu aj zop\u00e1r Nemcov vo svojich ve\u013ek\u00fdch dod\u00e1vkach, tak pre\u010do by sme tu nemohli aj my kempova\u0165 ved\u013ea tej na\u0161ej dod\u00e1vky. V noci sa mus\u00edme ale presen\u00fa\u0165 kv\u00f4li da\u017e\u010fu pod strie\u0161ku, ktor\u00e1 na\u0161\u0165astie nie je \u010faleko od na\u0161ich spac\u00e1kov.\u200b<\/p>\n<h3>Streda 23.5.2001<\/h3>\n<p>\u200bR\u00e1no st\u00e1le pr\u0161\u00ed a tak cel\u00e9 doobedie tr\u00e1vime pod strie\u0161kou a \u010d\u00edtame Harryho Pottera a zop\u00e1r \u010dasopisov, ktor\u00e9 sme si zo sebou z domu priniesli. Poobede sa po\u010dasie ako tak um\u00fadrilo a tak sad\u00e1me na vodu v\u0161etci kajk\u00e1ri na Horn\u00fd \u00fasek Verzasci so Sonogna asi 6 Km \u00fasek k nezjazdn\u00e9mu kataraktu. T\u00fato ve\u013emi pekn\u00fa \u010das\u0165 rieky s obtia\u017enos\u0165tou WW III-IV splavujeme celkom v pohode a v\u010faka \u0160e\u010fovej dobrej pam\u00e4ti zis\u0165ujeme, \u017ee na tomto \u00faseku je aj zop\u00e1r miest WW 5, ktor\u00e9 je lep\u0161ie prenies\u0165. F\u0161eved n\u00e1m zv\u00e1\u017ea auto, zastavuje na pekn\u00fdch miestach a st\u00edha n\u00e1s foti\u0165 aj filmova\u0165 s\u00fa\u010dasne. Dole sa stret\u00e1vame s na\u0161im Fle\u0161om na dohodnutom mieste a zverujeme mu svoje dojmy. Sa\u0161ka bola tro\u0161ku vystra\u0161en\u00e1, rieka bola na \u0148u trochu \u0165a\u017ek\u00e1, ale n\u00e1m ostatn\u00fdm sa to ve\u013emi p\u00e1\u010dilo. Vody bolo na dnes u\u017e dos\u0165 a tak sa trochu t\u00falame popri rieke a nach\u00e1dzame mno\u017estvo ve\u013emi pekn\u00fdch miest, ktor\u00e9 mus\u00ed F\u0161eved v\u0161etky foti\u0165.<\/p>\n<h3>\u0160tvrok 24.5.2001<\/h3>\n<p>\u200bTento de\u0148 sa niesol v znamen\u00ed turistiky. V\u0161etci sme sa na t\u00faru te\u0161ili, teda a\u017e na Mir\u00edka ktor\u00e9mu sa \u0161lapa\u0165 po \u0160vaj\u010diarsku po vlastn\u00fdch ve\u013emi nechcelo. Nakoniec vyr\u00e1\u017eame v\u0161etci smerom do prav\u00e9ho \u00fadolia nad Verzascou. Kam ideme nikto z n\u00e1s nevie, n\u00e1\u0161 cie\u013e je prejs\u0165 sa, vyjs\u0165 na nejak\u00fd ten kopec a hlavne vydie\u0165 a vychutna\u0165 si \u010do najviac s tunaj\u0161ej kr\u00e1sy. F\u0161eved m\u00e1 v pl\u00e1ne vyfoti\u0165 si kamz\u00edka. Ale na za\u010diatok sa mus\u00ed uspokoji\u0165 s kozami a kozi\u010dkami ktor\u00e9 stret\u00e1me hne\u010f na za\u010diatku na\u0161ej t\u00fary. Pobav\u00edme sa s kozi\u010dkami, pohr\u00e1me a v\u0161etk\u00fdm sa n\u00e1m o \u010dosi \u013eah\u0161ie do kopca \u0161lape a dokonca aj Mir\u00edkovi sa za\u010d\u00edna na Turistike p\u00e1\u010di\u0165. Obiehame st\u00e1do pas\u00facich sa k\u00f4z ktor\u00e9 sa n\u00e1m moc\u00fa st\u00e1le pomedzi nohy a m\u00ed\u0148ame posledn\u00e9 kamenn\u00e9 dom\u010deky tohto \u00fadolia. Vystupujeme nad p\u00e1smo lesa kde n\u00e1m kri\u017euju n\u00e1\u0161 chodn\u00edk snehov\u00e9 lav\u00edny a tak mus\u00edme \u010falej po snehu postupova\u0165. Kon\u010d\u00edme vo v\u00fd\u0161ke asi 2500 m na ve\u013ekom snehovom poli a nikde nevyd\u00edme kde by mohol n\u00e1\u0161 chodn\u00edk pokra\u010dova\u0165 a tak sch\u00e1dzame nasp\u00e4\u0165 na na\u0161e parkovisko. Ve\u010der znova pr\u0161\u00ed a m\u00e1me pudingov\u00e9 hody.<\/p>\n<h3>Piatok 25.5.2001<\/h3>\n<p>\u200bDoch\u00e1dza n\u00e1m chlieb a tak ja z Luci\u0161ou vyr\u00e1\u017eame do \u00fadolia zh\u00e1\u0148a\u0165 chlieb. Zop\u00e1r chleb\u00edkov sa n\u00e1m podarilo k\u00fapi\u0165 ale s\u00fa rovnako drah\u00e9, ako tie ktor\u00e9 n\u00e1m k\u00fapila Sa\u0161ka z Mir\u00edkom v predch\u00e1dzaj\u00faci de\u0148. Na na\u0161e ra\u0148ajky n\u00e1s pri\u0161iel pozrie\u0165 n\u00e1\u0161 Kamr\u00e1t Igor Perutka z rodinkou. Splavujeme na kajakoch znova horn\u00fd \u00fasek Verzasci a okrem F\u0161eveda n\u00e1s \u010dakaj\u00fa na zn\u00e1mych miestach aj Perutkovci. Po\u010dasie je pekn\u00e9 a tak splavujeme aj \u0165a\u017e\u0161\u00ed \u00fasek spod kataraktu teda okrem Sa\u0161ky. Je to ve\u013emi pekn\u00e1 \u010das\u0165 Verzasci s obtia\u017enos\u0165ou do WW V. P\u00e1r miest sme n\u00faten\u00ed pren\u00e1\u0161a\u0165. Jedno p\u00e4\u0165kov\u00e9 miesto splavujem ako prv\u00fd pod\u013ea mojich sk\u00fasenost\u00ed z minul\u00e9ho roku. Len\u017ee vody je o \u010dosi viac a tak mus\u00edm v tej naj\u0165ah\u0161ej vode eskimova\u0165 pri\u010dom mus\u00ed bojova\u0165 zo silnou vodou. Potom \u010do to videli Miro, Luci\u0161a a \u0160e\u010fo, chytili svoje kajaky na plecia toto ve\u013emi pekn\u00e9 miesto rad\u0161ej preniesli. \u010ealej sme pren\u00e1\u0161ali e\u0161te zop\u00e1r kr\u00e1t a pred posledn\u00fdm miestom zo sif\u00f3nom sme rad\u0161ej vyst\u00fapili. Chv\u00ed\u013eu po n\u00e1s splavuj\u00fa prof\u00edci. Bez probl\u00e9mov prekon\u00e1vaj\u00fa aj \u00faseky ktor\u00e9 sme my pren\u00e1\u0161ali, dobre sa na nich pozer\u00e1. E\u0161te sa k\u00fapeme, l\u00fa\u010dime z Perutkovcami, sad\u00e1me do auta mierime smerom domov. Po prechode hran\u00edc do Rak\u00faska n\u00e1m ve\u013emi nebezpe\u010dne za\u010d\u00edna klesa\u0165 ru\u010di\u010dka na ukazovateli nafty v n\u00e1dr\u017ei. Na\u0161\u0165astie v\u010das odbo\u010dujeme z dia\u013enice a tesne pred benz\u00ednkou na\u0161e auto zastav\u00ed. Asi dvadsa\u0165 metrov tla\u010d\u00edme auto k stojanu. Je to automat a tak h\u013ead\u00e1me bankovky- \u0161ilingy a tankujeme naftu. Auto m\u00e1 nafty dos\u0165, ale ono nechce na\u0161tartova\u0165. \u010co sa rob\u00ed ke\u010f dojde v aute benz\u00edn, to v\u0161etci dobre vieme, ale \u010do ak dojde nafta. Sk\u00fa\u0161ame \u0161tartova\u0165 a ni\u010d. Luci\u0161a vol\u00e1 Milo\u0161kovi, ten n\u00e1m rad\u00ed \u2013 \u0161tartova\u0165 (ak m\u00e1me dobr\u00fa bat\u00e9eriu) pokia\u013e sa nafta nedostane v\u0161ade kam m\u00e1. Na\u0161\u0165astie auto sa po dlhom, nepretr\u017eitom \u0161tartovan\u00ed kone\u010dne rozbehne a m\u00f4\u017eme pokra\u010dova\u0165 \u010falej. Pri Insbrucku odbo\u010dujeme z \u010fialnice smerom do Nemeck\u00e9ho Garmischu. Tu zastavujeme a sp\u00edme na malom parkovisku pri rie\u010dke Loisach, ktor\u00fa sa chyst\u00e1me splavi\u0165.<\/p>\n<h3>Sobota 26.5.2001<\/h3>\n<p>\u200bR\u00e1no sad\u00e1me v\u0161etci na vodu Ja zo F\u0161evedom na P\u00e1lavu a ostatn\u00ed na kajaky. Na vode je hodne lod\u00ed, dozved\u00e1me sa, \u017ee v Nemecku maj\u00fa sviatok a tak m\u00e1me \u0161\u0165astie, na rieke je n\u00e1s na r\u00f4znych \u010dlnkoch viac ne\u017e dos\u0165. Je to rie\u010dka z obti\u017enos\u0165ou do WW III pekn\u00fdmi meandrami s korytom do \u0161\u00edrky 15m. Dosplavujeme v \u010dase najv\u00e4\u010d\u0161\u00edch hor\u00fa\u010dav a tak k\u00fape\u013e v rieke sa n\u00e1m ve\u013emi p\u00e1\u010di. \u010casu m\u00e1me dos\u0165 a tak sa Ja, F\u0161eved , Luci\u0161a a Miro pres\u00favame k ne\u010falekej skalke a sna\u017e\u00edme sa po nej liepa\u0165 hore. Najlep\u0161\u00ed lezec je Mir\u00edk. S\u00edce vysoko nevyliezol, ale sna\u017eil sa najviac zo v\u0161etk\u00fdch, v\u0161ak aj toho najviac vypotil. Aj ke\u010f je tu ve\u013emi pekne odch\u00e1dzame , aby sme sa pribl\u00ed\u017eili viac k domovu. Sp\u00edme pri mieste Kamerbrucke na rieke Enns.<\/p>\n<h3>Nede\u013ea 27.5.2001<\/h3>\n<p>\u200bKamerbrucke m\u00e1 ve\u013ea vody, Erzbach m\u00e1 pre zmenu ve\u013emi m\u00e1lo vody, Laussk\u00fd vodop\u00e1d vynech\u00e1vame a tak sa pres\u00favame na na\u0161u star\u00fa, zn\u00e1mu Salzu. Mne sa na vodu nechce, rad\u0161ej si \u010d\u00edtam Harryho Poterra. F\u0161eveda us\u00e1dzame do kajaku a ostatn\u00ed sa okolo neho \u010dlnkuj\u00fa a zab\u00e1vaj\u00fa sa na \u0148om. Mir\u00edka to na Salzi ve\u013emi nebav\u00ed a tak vystupuje pri schodoch. Ostatn\u00ed splavuj\u00fa \u010falej a\u017e pod ka\u0148on. Tam sa posledn\u00fd kr\u00e1t bal\u00edme a vyr\u00e1\u017eame smer domov. Pri schodoch stret\u00e1vame Alina, s Jankom Gazdom a Instim. Chv\u00ed\u013eku sa spolu porozpr\u00e1vame, \u010dosi popijeme a \u010felej kr\u00fatime volanotm a bez prest\u00e1vky sa domov vraciame. Prich\u00e1dzeme pomerne skoro, e\u0161te za svetla. \u010co sa n\u00e1m nest\u00e1va ve\u013emi \u010dasto. Nasleduje rozvoz po Bratislave.<br \/>\nS pocitom ve\u013emi pekne str\u00e1ven\u00e9ho t\u00fd\u017ed\u0148a sa dohadujeme, \u017ee podobn\u00fa akciu uskuto\u010dn\u00edme aj o rok a mo\u017eno sa aj do toho Piemontu kone\u010dne dostaneme.<\/p>\n<p>Tieto z\u00e1pisky pre V\u00e1s v\u0161etk\u00fdch pripravil a do tejto podoby upravil:<\/p>\n<p>Mizo<\/p>\n","protected":false},"excerpt":{"rendered":"<p>Alpsk\u00e9 rieky 2001, alebo putovanie Eur\u00f3pou&#8230; ( WWAT \u2013 Wild Water Alps Tour 2001 ) \u200b P\u00f4vodn\u00fd n\u00e1zov tejto akcie ( niektor\u00ed tomu hovoria aj z\u00e1jazd pr\u00edpadne exped\u00edcia) bol PIEMONT 2001. Ked\u017ee do Piemontu sme sa v\u00f4bec nedostali, n\u00e1zov akcie sa n\u00e1m tro\u0161ku zmenil. Kde sme to vlastne boli? V Rak\u00fasku, chv\u00edlo\u010dku v Nemecku ale&hellip;&nbsp;<a href=\"https:\/\/www.lodenicaKVS.sk\/?p=374\" rel=\"bookmark\">\u010c\u00edta\u0165 viac &raquo;<span class=\"screen-reader-text\">Wild Water Alps Tour 2001<\/span><\/a><\/p>\n","protected":false},"author":1,"featured_media":291,"comment_status":"open","ping_status":"open","sticky":false,"template":"","format":"standard","meta":{"_crdt_document":"","advgb_blocks_editor_width":"","advgb_blocks_columns_visual_guide":"","neve_meta_sidebar":"","neve_meta_container":"","neve_meta_enable_content_width":"","neve_meta_content_width":0,"neve_meta_title_alignment":"","neve_meta_author_avatar":"","neve_post_elements_order":"","neve_meta_disable_header":"","neve_meta_disable_footer":"","neve_meta_disable_title":"","footnotes":""},"categories":[5],"tags":[145,155,162,160,158,151,150,156,161,153,149,154,159,139,152,124,127,157],"class_list":["post-374","post","type-post","status-publish","format-standard","has-post-thumbnail","hentry","category-archiv","tag-alpy","tag-davos","tag-enns","tag-grand-kanon-svajciarska","tag-hinterhein","tag-imst","tag-inn","tag-landqaurt","tag-loisach","tag-martinna-strecke","tag-rakusko","tag-reichenau","tag-rhein","tag-salza","tag-scoul","tag-svajciarsko","tag-verzasca","tag-vorderhein"],"author_meta":{"display_name":"keysho","author_link":"https:\/\/www.lodenicaKVS.sk\/?author=1"},"featured_img":"https:\/\/www.lodenicaKVS.sk\/wp-content\/uploads\/2002\/05\/Geronimo-logo-red.jpeg","coauthors":[],"tax_additional":{"categories":{"linked":["<a href=\"https:\/\/www.lodenicaKVS.sk\/?cat=5\" class=\"advgb-post-tax-term\">KV\u0160<\/a>"],"unlinked":["<span class=\"advgb-post-tax-term\">KV\u0160<\/span>"]},"tags":{"linked":["<a href=\"https:\/\/www.lodenicaKVS.sk\/?cat=5\" class=\"advgb-post-tax-term\">Alpy<\/a>","<a href=\"https:\/\/www.lodenicaKVS.sk\/?cat=5\" class=\"advgb-post-tax-term\">Davos<\/a>","<a href=\"https:\/\/www.lodenicaKVS.sk\/?cat=5\" class=\"advgb-post-tax-term\">Enns<\/a>","<a href=\"https:\/\/www.lodenicaKVS.sk\/?cat=5\" class=\"advgb-post-tax-term\">Grand ka\u0148on \u0160vaj\u010diarska<\/a>","<a href=\"https:\/\/www.lodenicaKVS.sk\/?cat=5\" class=\"advgb-post-tax-term\">Hinterhein<\/a>","<a href=\"https:\/\/www.lodenicaKVS.sk\/?cat=5\" class=\"advgb-post-tax-term\">Imst<\/a>","<a href=\"https:\/\/www.lodenicaKVS.sk\/?cat=5\" class=\"advgb-post-tax-term\">Inn<\/a>","<a href=\"https:\/\/www.lodenicaKVS.sk\/?cat=5\" class=\"advgb-post-tax-term\">Landqaurt<\/a>","<a href=\"https:\/\/www.lodenicaKVS.sk\/?cat=5\" class=\"advgb-post-tax-term\">Loisach<\/a>","<a href=\"https:\/\/www.lodenicaKVS.sk\/?cat=5\" class=\"advgb-post-tax-term\">Martinna strecke<\/a>","<a href=\"https:\/\/www.lodenicaKVS.sk\/?cat=5\" class=\"advgb-post-tax-term\">Rak\u00fasko<\/a>","<a href=\"https:\/\/www.lodenicaKVS.sk\/?cat=5\" class=\"advgb-post-tax-term\">Reichenau<\/a>","<a href=\"https:\/\/www.lodenicaKVS.sk\/?cat=5\" class=\"advgb-post-tax-term\">Rhein<\/a>","<a href=\"https:\/\/www.lodenicaKVS.sk\/?cat=5\" class=\"advgb-post-tax-term\">Salza<\/a>","<a href=\"https:\/\/www.lodenicaKVS.sk\/?cat=5\" class=\"advgb-post-tax-term\">Scoul<\/a>","<a href=\"https:\/\/www.lodenicaKVS.sk\/?cat=5\" class=\"advgb-post-tax-term\">\u0160vaj\u010diarsko<\/a>","<a href=\"https:\/\/www.lodenicaKVS.sk\/?cat=5\" class=\"advgb-post-tax-term\">Verzasca<\/a>","<a href=\"https:\/\/www.lodenicaKVS.sk\/?cat=5\" class=\"advgb-post-tax-term\">Vorderhein<\/a>"],"unlinked":["<span class=\"advgb-post-tax-term\">Alpy<\/span>","<span class=\"advgb-post-tax-term\">Davos<\/span>","<span class=\"advgb-post-tax-term\">Enns<\/span>","<span class=\"advgb-post-tax-term\">Grand ka\u0148on \u0160vaj\u010diarska<\/span>","<span class=\"advgb-post-tax-term\">Hinterhein<\/span>","<span class=\"advgb-post-tax-term\">Imst<\/span>","<span class=\"advgb-post-tax-term\">Inn<\/span>","<span class=\"advgb-post-tax-term\">Landqaurt<\/span>","<span class=\"advgb-post-tax-term\">Loisach<\/span>","<span class=\"advgb-post-tax-term\">Martinna strecke<\/span>","<span class=\"advgb-post-tax-term\">Rak\u00fasko<\/span>","<span class=\"advgb-post-tax-term\">Reichenau<\/span>","<span class=\"advgb-post-tax-term\">Rhein<\/span>","<span class=\"advgb-post-tax-term\">Salza<\/span>","<span class=\"advgb-post-tax-term\">Scoul<\/span>","<span class=\"advgb-post-tax-term\">\u0160vaj\u010diarsko<\/span>","<span class=\"advgb-post-tax-term\">Verzasca<\/span>","<span class=\"advgb-post-tax-term\">Vorderhein<\/span>"]}},"comment_count":"0","relative_dates":{"created":"Posted 25 rokov ago","modified":"Updated 6 rokov ago"},"absolute_dates":{"created":"Posted on 27.05.2001","modified":"Updated on 27.11.2019"},"absolute_dates_time":{"created":"Posted on 27.05.2001 22:18","modified":"Updated on 27.11.2019 21:04"},"featured_img_caption":"Na\u0161a GERONIMO parti\u010dka","series_order":"","_links":{"self":[{"href":"https:\/\/www.lodenicaKVS.sk\/index.php?rest_route=\/wp\/v2\/posts\/374","targetHints":{"allow":["GET"]}}],"collection":[{"href":"https:\/\/www.lodenicaKVS.sk\/index.php?rest_route=\/wp\/v2\/posts"}],"about":[{"href":"https:\/\/www.lodenicaKVS.sk\/index.php?rest_route=\/wp\/v2\/types\/post"}],"author":[{"embeddable":true,"href":"https:\/\/www.lodenicaKVS.sk\/index.php?rest_route=\/wp\/v2\/users\/1"}],"replies":[{"embeddable":true,"href":"https:\/\/www.lodenicaKVS.sk\/index.php?rest_route=%2Fwp%2Fv2%2Fcomments&post=374"}],"version-history":[{"count":4,"href":"https:\/\/www.lodenicaKVS.sk\/index.php?rest_route=\/wp\/v2\/posts\/374\/revisions"}],"predecessor-version":[{"id":2639,"href":"https:\/\/www.lodenicaKVS.sk\/index.php?rest_route=\/wp\/v2\/posts\/374\/revisions\/2639"}],"wp:featuredmedia":[{"embeddable":true,"href":"https:\/\/www.lodenicaKVS.sk\/index.php?rest_route=\/wp\/v2\/media\/291"}],"wp:attachment":[{"href":"https:\/\/www.lodenicaKVS.sk\/index.php?rest_route=%2Fwp%2Fv2%2Fmedia&parent=374"}],"wp:term":[{"taxonomy":"category","embeddable":true,"href":"https:\/\/www.lodenicaKVS.sk\/index.php?rest_route=%2Fwp%2Fv2%2Fcategories&post=374"},{"taxonomy":"post_tag","embeddable":true,"href":"https:\/\/www.lodenicaKVS.sk\/index.php?rest_route=%2Fwp%2Fv2%2Ftags&post=374"}],"curies":[{"name":"wp","href":"https:\/\/api.w.org\/{rel}","templated":true}]}}