{"id":375,"date":"2002-07-27T22:20:06","date_gmt":"2002-07-27T20:20:06","guid":{"rendered":"http:\/\/www.lodenicaKVS.sk\/?p=375"},"modified":"2020-02-03T03:17:39","modified_gmt":"2020-02-03T02:17:39","slug":"moriakovanie-pre-samoukov","status":"publish","type":"post","link":"https:\/\/www.lodenicaKVS.sk\/?p=375","title":{"rendered":"Moriakovanie pre samoukov"},"content":{"rendered":"<p>*( moriakovanie = seakayaking )*<\/p>\n<p>Tak ako sa str\u00fdkovi Dr\u017egro\u0161ovi pret\u00e1\u010daj\u00fa v o\u010diach dol\u00e1riky, tak mne sa cel\u00fd minul\u00fd t\u00fd\u017ede\u0148 pret\u00e1\u010dali slov\u00e1 Neusiedler a See. U\u017e to bolo tak\u00e9 okat\u00e9, \u017ee si to v\u0161imol aj m\u00f4j kamar\u00e1t Jo\u017eo a veru k\u013eakn\u00fa\u0165 pred n\u00edm , aby i\u0161iel, som nemusel.<\/p>\n<p>I\u0161li sme. V sobotu r\u00e1no sme povyliezali zo svojich brlohov na svetlo sveta, zrazili sa u m\u0148a a potom na lodenici, kde u\u017e kon\u0161pirovala Paliho skupina vyr\u00e1\u017eaj\u00faca na Moravu. Podarilo sa n\u00e1m aj naviaza\u0165 a vyrazi\u0165 smerom k hraniciam Eur\u00f3pskej \u00fanie \u2013 \u010do ob\u010das predstavuje aj hranice v\u0161edn\u00fdch dn\u00ed. A tento de\u0148 bol nev\u0161edn\u00fd, mali sme pred sebou \u010fal\u0161iu lekciu moriakovania pre samoukov-sladkovodn\u00fd n\u00e1cvik morskej plavby.<\/p>\n<p>\u017de by sme boli zrovna r\u00fdchla rota , to netvrd\u00edm. Nalodi\u0165 sa n\u00e1m podarilo \u010dosi po jeden\u00e1stej hodine, \u010do bola celkom pokro\u010dil\u00e1 doba vzh\u013eadom na m\u00f4j ( Jo\u017eom netu\u0161en\u00fd \u00famysel ( nezmysel ?)), obopl\u00e1va\u0165 jazero (??!!). Tak sme sa na mieste, kde sp\u00fa\u0161\u0165aj\u00fa jachty v Neusiedl a. See na vodu. Vchod cez platen\u00fa pl\u00e1\u017e sa n\u00e1m zdal ned\u00f4stojn\u00fd na\u0161ich cie\u013eov, preto sme sa nalodili na rampe priamo v pr\u00edstave. Trochu aj pofukovalo, tak\u017ee boli aj vlnky r\u00f4znej ve\u013ekosti a z r\u00f4znych smerov. Hne\u010f po prv\u00fdch p\u00e1r metroch sa n\u00e1m zdalo, \u017ee \u010dosi nie je v poriadku. Voda ! Voda nebola slan\u00e1 a my v tom zhone sme aj so\u013eni\u010dky zabudli doma. Mohli sme aspo\u0148 v bl\u00edzkom okol\u00ed lod\u00ed soli\u0165 nech si to na\u0161e \u010dlnky nev\u0161imn\u00fa kam sme ich to vytrepali. No a potom jej farba. Farbou pripom\u00ednala bielu k\u00e1vu a aj chu\u0165ou, ale tak\u00fa nieko\u013ekokr\u00e1t prevaren\u00fa a dobre odst\u00e1tu. Zo za\u010diatku boli aj obavy \u010di to nebude f\u00e1dne, ale vcelku to u\u0161lo. Povliezali sme do kadejak\u00fdch z\u00e1kut\u00ed, jachtov\u00fdch pr\u00edstavov, z\u00e1livov, vtokov a v\u00fdtokov kade\u010doho. Kde tu sme objavili za\u0161it\u00fa jachtu &#8211; tam za vodou v r\u00e1kos\u00ed \u2013 a na nej zrejme za\u0161it\u00fd germ\u00e1ni miesili cesto na mal\u00fdch eur\u00f3pskych unionistov alebo in\u00e9 nemravnosti p\u00e1chali. Pri jednej m\u00e1lofrekventovanej po\u017ei\u010dovni surfov v Purbachu sme si dopriali obed a odpo\u010dinok a pokra\u010dovali sme smerom k Rustu. Po chv\u00ed\u013eke p\u00e1dlovania a Jo\u017eovom incidente s rak\u00faskymi pir\u00e1tmi a pir\u00e1tkami sme tam aj do\u0161li s \u00famyslom posilni\u0165 sa d\u00fa\u0161kom zlatist\u00e9ho moku. Po chv\u00edlke h\u013eadania vhodn\u00e9ho pr\u00edstaviska pre na\u0161e kor\u00e1by sme sa uch\u00fdlili k vylodeniu priamo na pl\u00e1\u017ei. Tu sme vyu\u017eili ich pohostinsk\u00e9 a soci\u00e1lne zariadenia, o\u010dvachtali sa a za\u010dali pokukova\u0165 smerom nasp\u00e4\u0165, kde sme tu\u0161ili na\u0161e auto. Mohli sme to len tu\u0161i\u0165 , lebo vidno s\u00edce e\u0161te bolo, ale u\u017e nebolo&#8230;.(mysl\u00edm breh).<\/p>\n<p>Cesta nazad bola ako sa dalo \u010daka\u0165 s priazniv\u00fdm protivetrom, \u010do malo za n\u00e1sledok aj na\u0161e ob\u010dasn\u00e9 odfukovanie od cie\u013ea v okamihoch slab\u0161ieho \u0165ahania. Tak\u017ee cesta n\u00e1m poskytovala dos\u0165 \u010dasu na r\u00f4zne \u00favahy. Zistili sme , \u017ee Zem je fakt gu\u013eat\u00e1. \u0164ahali sme toti\u017e smerom od rovn\u00edka k p\u00f3lu a naozaj sme mali pocit \u017ee ideme do kopca. Jo\u017eo zase dospel k poznaniu, overen\u00e9mu v ten de\u0148 praxou, \u017ee sme jedin\u00fd svojho druhu na tom jazere. Toti\u017e v\u0161etky ostatn\u00e9 n\u00e1m pr\u00edbuzn\u00e9 druhy u\u017e spali, pili, \u010di in\u00e1\u010d v r\u00e1kos\u00ed tr\u00e1vili letn\u00fd ve\u010der, a ostatn\u00e9 spr\u00edbuznen\u00e9 poddruhy, \u010delade, nach\u00e1dzaj\u00face sa e\u0161te na hladine jazera pou\u017e\u00edvali k svojmu pohybu vpred plachty, iba len my p\u00e1dla. Im ve\u010dern\u00fd vietor pri pop\u00edjan\u00ed \u0161ampansk\u00e9ho na palube pom\u00e1hal a n\u00e1s brzdil i pri priamej jazde vpred. O pop\u00edjan\u00ed \u010dohoko\u013evek, okrem jazernej vody nemohlo by\u0165 ani re\u010di, n\u00e1s sk\u00f4r tr\u00e1pili tie piv\u00e1, \u010do sme vypili v Ruste a teraz v kajaku sme nevedeli, \u010do s nimi. Zrejme by to bol dostato\u010dn\u00fd d\u00f4vod na zap\u00edsanie do knihy ohrozen\u00fdch druhov. Vyvstala v\u0161ak ot\u00e1zka. V \u010dom t\u00e1 na\u0161a jedine\u010dnos\u0165 spo\u010d\u00edva. Je to v du\u0161evnej nestabilite, ktor\u00e1 n\u00e1s priv\u00e1dza na tak\u00e9to v\u00fdpravy ? Alebo je to nejak\u00fd druh v\u00fdnimo\u010dnosti t\u00fdchto n\u00e1padov ? N\u00e1zory laickej a odbornej verejnosti, ako aj rodinn\u00fdch pr\u00edslu\u0161n\u00edkov (hlavne pri natieran\u00ed ubolen\u00fdch k\u013abov a sp\u00e1len\u00edn od slnka) s\u00fa dos\u0165 nejednotn\u00e9 a protichodn\u00e9. A aj ke\u010f sme mali pri tom p\u00e1dlovan\u00ed teda dos\u0165 \u010dasu, ani my sme si nevedeli da\u0165 jednozna\u010dn\u00fa odpove\u010f. Mo\u017eno by sme mali sp\u00fdta\u0165 Jo\u017eovej \u017eeny, t\u00e1 by predsa mala vedie\u0165, pre\u010do sa za neho vydala&#8230;..<\/p>\n<p>Navzdory polemike na t\u00fato t\u00e9mu a pomaly rozvr\u00e1teniu celej heliocentrickej s\u00fastavy sa ten prekliaty breh ve\u013emi pomaly pribli\u017eoval. &#8230;a to sme neboli ani na ma\u010farsk\u00fdch hraniciach v jazere.( Bola by celkom sranda vidie\u0165 v jazere coln\u00edkov v gum\u00e1koch post\u00e1va\u0165 a odbavova\u0165&#8230;.sa ?) Na hladine n\u00e1s zastihol aj romantick\u00fd z\u00e1pad slnka a ke\u010f sa na hladinu za\u010dala sp\u00fa\u0161\u0165a\u0165 ve\u010dern\u00e1 tma, s bo\u013eav\u00fdmi kr\u00ed\u017eami a rukami vy\u0165ahan\u00fdmi ako opica, niekedy po deviatej hodine ve\u010dernej sme sa kone\u010dne vylodili na pl\u00e1\u017ei v Neusiedli. Dovliekli sme svoje ubolen\u00e9 telesn\u00e9 schr\u00e1nky a od \u201ebielej k\u00e1vy z\u00e1jden\u00e9\u201c na\u0161e \u010dlnky k autu, v\u0161etko sme do\u0148ho i na\u0148ho nain\u0161alovali a vyrazili sme po t\u00fdch na\u0161ich 50 km na vode, u\u017e teraz po asfaltke (\u010do sa u\u017e pova\u017euje za norm\u00e1lne), smerom na na\u0161e mal\u00e9 Slovensko s pohnutou minulos\u0165ou a nejasnou bud\u00facnos\u0165ou.<\/p>\n<p>U\u017e sme boli na dosah rodnej hrudy , ke\u010f sa rak\u00faskemu coln\u00edkovi na n\u00e1s za\u010dalo \u010dosi nepozd\u00e1va\u0165. Sk\u00fa\u0161al aj auto prevr\u00e1ti\u0165 mykan\u00edm za lode. Lode boli v poriadku, aj na streche dr\u017eali ako prirasten\u00e9, len rozmery auta (ani keby e\u0161te nevidel Favorita) sa mu zdali mal\u00e9 asi. Te\u00f3riu , \u017ee ja m\u00e1lo zar\u00e1bam a v\u00e4\u010d\u0161ie si nem\u00f4\u017eem dovoli\u0165 som rad\u0161ej nesk\u00fa\u0161al. \u010cerven\u00e9 zvr\u0161ky , \u010di spodky vzadu uviazan\u00e9 na lodiach ho neukojili, po\u017eadoval \u010derveno bielo pruhovan\u00fa tabu\u013eu. \u010cudn\u00e9. Auto pred nami s bicyklami na streche a vzadu primontovan\u00fdmi na kufri ( s kolesom z boku presahuj\u00facim auto a len p\u00e1r cm nad cestou ) tak\u00e9 nepotrebovalo. Asi preto , \u017ee to bol germ\u00e1n.<\/p>\n<p>A tak sme mu \u010dosi poplatili a sm\u00e4d n\u00e1s z toho veru nepre\u0161iel. Ono mu to \u017eivot vr\u00e1ti. O p\u00e1r t\u00fdch duk\u00e1tikov n\u00e1s s\u00edce obral, ale na\u0161\u0165astie z\u00e1\u017eitky s\u00fa vec, ktor\u00fa e\u0161te \u010dloveku \u017eiaden uniformovan\u00fd idiot nezobral. Darmo, \u010do u\u017e narob\u00ed\u0161. Tak ako Rak\u00fasko sa pova\u017euje za ri\u0165 z\u00e1padnej Eur\u00f3py, tento p\u00e1n je ur\u010dite jeho org\u00e1nom&#8230;&#8230;.<\/p>\n<p>Tak zase niekedy<\/p>\n<p>Ahoj.<\/p>\n<p>Ja (a trochu aj Ja) (&#8230;&#8230;alebo J&amp;J ?)<\/p>\n","protected":false},"excerpt":{"rendered":"<p>*( moriakovanie = seakayaking )* Tak ako sa str\u00fdkovi Dr\u017egro\u0161ovi pret\u00e1\u010daj\u00fa v o\u010diach dol\u00e1riky, tak mne sa cel\u00fd minul\u00fd t\u00fd\u017ede\u0148 pret\u00e1\u010dali slov\u00e1 Neusiedler a See. U\u017e to bolo tak\u00e9 okat\u00e9, \u017ee si to v\u0161imol aj m\u00f4j kamar\u00e1t Jo\u017eo a veru k\u013eakn\u00fa\u0165 pred n\u00edm , aby i\u0161iel, som nemusel. I\u0161li sme. V sobotu r\u00e1no sme povyliezali&hellip;&nbsp;<a href=\"https:\/\/www.lodenicaKVS.sk\/?p=375\" rel=\"bookmark\">\u010c\u00edta\u0165 viac &raquo;<span class=\"screen-reader-text\">Moriakovanie pre samoukov<\/span><\/a><\/p>\n","protected":false},"author":1,"featured_media":0,"comment_status":"open","ping_status":"open","sticky":false,"template":"","format":"standard","meta":{"_crdt_document":"","advgb_blocks_editor_width":"","advgb_blocks_columns_visual_guide":"","neve_meta_sidebar":"","neve_meta_container":"","neve_meta_enable_content_width":"","neve_meta_content_width":0,"neve_meta_title_alignment":"","neve_meta_author_avatar":"","neve_post_elements_order":"","neve_meta_disable_header":"","neve_meta_disable_footer":"","neve_meta_disable_title":"","footnotes":""},"categories":[5],"tags":[146,149],"class_list":["post-375","post","type-post","status-publish","format-standard","hentry","category-archiv","tag-neusiedler-see","tag-rakusko"],"author_meta":{"display_name":"keysho","author_link":"https:\/\/www.lodenicaKVS.sk\/?author=1"},"featured_img":null,"coauthors":[],"tax_additional":{"categories":{"linked":["<a href=\"https:\/\/www.lodenicaKVS.sk\/?cat=5\" class=\"advgb-post-tax-term\">KV\u0160<\/a>"],"unlinked":["<span class=\"advgb-post-tax-term\">KV\u0160<\/span>"]},"tags":{"linked":["<a href=\"https:\/\/www.lodenicaKVS.sk\/?cat=5\" class=\"advgb-post-tax-term\">Neusiedler See<\/a>","<a href=\"https:\/\/www.lodenicaKVS.sk\/?cat=5\" class=\"advgb-post-tax-term\">Rak\u00fasko<\/a>"],"unlinked":["<span class=\"advgb-post-tax-term\">Neusiedler See<\/span>","<span class=\"advgb-post-tax-term\">Rak\u00fasko<\/span>"]}},"comment_count":"0","relative_dates":{"created":"Posted 24 rokov ago","modified":"Updated 6 rokov ago"},"absolute_dates":{"created":"Posted on 27.07.2002","modified":"Updated on 03.02.2020"},"absolute_dates_time":{"created":"Posted on 27.07.2002 22:20","modified":"Updated on 03.02.2020 03:17"},"featured_img_caption":"","series_order":"","_links":{"self":[{"href":"https:\/\/www.lodenicaKVS.sk\/index.php?rest_route=\/wp\/v2\/posts\/375","targetHints":{"allow":["GET"]}}],"collection":[{"href":"https:\/\/www.lodenicaKVS.sk\/index.php?rest_route=\/wp\/v2\/posts"}],"about":[{"href":"https:\/\/www.lodenicaKVS.sk\/index.php?rest_route=\/wp\/v2\/types\/post"}],"author":[{"embeddable":true,"href":"https:\/\/www.lodenicaKVS.sk\/index.php?rest_route=\/wp\/v2\/users\/1"}],"replies":[{"embeddable":true,"href":"https:\/\/www.lodenicaKVS.sk\/index.php?rest_route=%2Fwp%2Fv2%2Fcomments&post=375"}],"version-history":[{"count":5,"href":"https:\/\/www.lodenicaKVS.sk\/index.php?rest_route=\/wp\/v2\/posts\/375\/revisions"}],"predecessor-version":[{"id":2809,"href":"https:\/\/www.lodenicaKVS.sk\/index.php?rest_route=\/wp\/v2\/posts\/375\/revisions\/2809"}],"wp:attachment":[{"href":"https:\/\/www.lodenicaKVS.sk\/index.php?rest_route=%2Fwp%2Fv2%2Fmedia&parent=375"}],"wp:term":[{"taxonomy":"category","embeddable":true,"href":"https:\/\/www.lodenicaKVS.sk\/index.php?rest_route=%2Fwp%2Fv2%2Fcategories&post=375"},{"taxonomy":"post_tag","embeddable":true,"href":"https:\/\/www.lodenicaKVS.sk\/index.php?rest_route=%2Fwp%2Fv2%2Ftags&post=375"}],"curies":[{"name":"wp","href":"https:\/\/api.w.org\/{rel}","templated":true}]}}