{"id":376,"date":"2002-01-12T22:20:50","date_gmt":"2002-01-12T21:20:50","guid":{"rendered":"http:\/\/www.lodenicaKVS.sk\/?p=376"},"modified":"2020-02-03T03:15:04","modified_gmt":"2020-02-03T02:15:04","slug":"moriaky-na-morave","status":"publish","type":"post","link":"https:\/\/www.lodenicaKVS.sk\/?p=376","title":{"rendered":"Moriaky na Morave"},"content":{"rendered":"<h3>Zah\u00e1jenie vod\u00e1ckej sez\u00f3ny \u0161portov\u00e9ho klubu Vander a KV\u0160\u00a0zast\u00fapen\u00fdch mojou mali\u010dkos\u0165ou a kamar\u00e1tom Jo\u017ekom P\u00e1le\u0161om.<\/h3>\n<p>U\u017e od nepam\u00e4ti tr\u00e1pi filozofov ot\u00e1zka: \u010co bolo sk\u00f4r ? Kajak, alebo kajak\u00e1r ? \u0164a\u017eko n\u00e1js\u0165 odpove\u010f na tento zapeklit\u00fd odvek\u00fd probl\u00e9m. A ani ju nebudeme h\u013eada\u0165 ale zmierime sa so skuto\u010dnos\u0165ou , \u017ee tieto dva fenom\u00e9ny v s\u00fa\u010dasnosti jestvuj\u00fa spolu na zriedkav\u00fdch geopatog\u00e9nnych bodoch Zeme \u2013 zvan\u00fdch lodenice a kluby.<\/p>\n<p>A t\u00e1to skuto\u010dnos\u0165 a fakt , \u017ee P\u00e1le\u0161ovci zaspali na ly\u017eova\u010dku , mali za n\u00e1sledok, \u017ee sme zah\u00e1jili vod\u00e1cku sez\u00f3nu 12. 1. 2002 roztopa\u0161n\u00fdm \u010dlnkovan\u00edm po rieke Morava a n\u00e1sledne aj po Dunaji. In\u00e1\u010d by sme ju zah\u00e1jili a\u017e 13. 1. 2002.<\/p>\n<p>Po kr\u00e1tkych sprievodn\u00fdch panick\u00fdch pr\u00edprav\u00e1ch sme vytiahli ne\u0161e moriaky, nain\u0161tovali ich na strechu auta. Trochu sme sa po\u0161m\u00fdkali ako koza po \u013eade. Dobr\u00ed \u013eudia n\u00e1s povzbudili. Len smelo \u2013 pred rokom sa dvaja utopili, bububu, \u013eudo\u017erav\u00e9 kryhy, kosi\u0161e winter&#8230;. Takto posmelen\u00fd sme sa vydali v \u00fastrety ve\u013ek\u00e9mu pol\u00e1rnemu dobrodru\u017estvu.<\/p>\n<p>Vo Vysokej mala najv\u00e4\u010d\u0161iu rados\u0165 Nat\u00e1lka ke\u010f sa povozila v moriakoch po snehu z hr\u00e1dze. Cca o poljednej sme sadli do \u010dlnkov a hur\u00e1 na Pre\u0161pork. \u010cakalo n\u00e1s 18 km po Morave a p\u00e1r po Dunaji. Plavba bola k\u013eudn\u00e1 a ni\u010d\u00edm neru\u0161en\u00e1. N\u00e1hodn\u00fd okoloid\u00faci mali tendenciu dosta\u0165 infarkt a d\u00e1vali sa na zbrkl\u00fd \u00fatek \u2013 boli to v\u0161etko slab\u0161ie n\u00e1tury &#8211; labute , ka\u010dice , kormor\u00e1ny.<br \/>\nPri \u017eelezni\u010dnom moste Jozef dostal geni\u00e1lny n\u00e1pad.Vysk\u00fa\u0161ajme pohostinnos\u0165 rak\u00faskych b\u00e1s. Mali sme v \u00famysle prista\u0165 na piliery a zap\u00e1li\u0165 tam ohe\u0148 za\u00fa\u010delom obedu. Nestihli sme.<\/p>\n<p>S ohlu\u0161uj\u00facim dupotom sa prihnal chrabr\u00fd mu\u017e z\u00e1kona, neochvejn\u00fd str\u00e1\u017eca hran\u00edc a n\u00e1\u0161ho k\u013eudn\u00e9ho sp\u00e1nku. Keby to bola \u017eena , mo\u017eno by z toho bol mal\u00fd pohrani\u010dn\u00fd styk. Takto z toho bol mal\u00fd pohrani\u010dn\u00fd konflikt. Vyviazli sme z neho so zdravou ko\u017eou a pe\u0148a\u017eenkou. Pri z\u00e1konej legitim\u00e1cii mu Jo\u017eo privodil ochladenie pracovnej horlivosti \u2013 prepadol sa jednou nohou po koleno do \u013eadu. Mo\u017eno to bolo na\u0161e \u0161\u0165astie lebo, lebo dospel k n\u00e1zoru , \u017ee sme dos\u0165 inteligentn\u00fd, aby pr\u00edmerie sme uzavreli pohovorom. Tak sme si pohovorili, pop\u00fdtali sme sa na pracovn\u00e9 pr\u00edle\u017eitosti u hran\u00edc \u2013 nikdy neviete , kedy v\u00e1m zamestn\u00e1vate\u013e povie: \u010eakujem , do videnia. Potom sme pokra\u010dovali u\u017e v nik\u00fdm neru\u0161enej plavbe. Bl\u00edzko Dev\u00ednskej sme si dopriali tepl\u00fd obed. Zuj\u00edmav\u00e9 bolo, \u017ee ve\u0161ker\u00e9 lanovie, lo\u010f\u00e1ky, ch\u0148apky mali tendenciu krehn\u00fa\u0165 a l\u00e1ma\u0165 sa. U\u017e ani tie dne\u0161n\u00e9 materi\u00e1ly nie s\u00fa to \u010do b\u00fdvalo. Podarilo sa n\u00e1m doplavi\u0165 do \u00fastia na Dev\u00edn, kde sme sa pokochali z\u00e1padom slnka a spustili sme sa do z\u00e1toky. Mo\u017enos\u0165 preveri\u0165 moriaky na vln\u00e1ch n\u00e1m umo\u017enili ve\u013ek\u00e9 opachy na Dunaji. Cez hrani\u010dn\u00fd most\u00edk sme prerazili do z\u00e1toky. Skoro do\u0161lo k prestrelke medzi nerv\u00f3znymi po\u013eovn\u00edkmi a nami. \u010cosi splietali o plavebnej dr\u00e1he a bohvie\u010dom e\u0161te. P\u00fdtam sa: Ako m\u00f4\u017ee du\u0161evne labiln\u00fd a vy\u0161inut\u00fd \u010dlovek dosta\u0165 zbrojn\u00fd pas.<\/p>\n<p>Prebili sme sa \u013eadmi cez z\u00e1toku k na\u0161ej rampe kde n\u00e1s \u010dakal uv\u00edtac\u00ed v\u00fdbor v Alenkinom zlo\u017een\u00ed. Ludia viete vy v\u00f4bec na \u010dom kor\u010dulujete? Obdivujem Va\u0161u odvahu. Na\u0161u \u2013 Jozefovu rados\u0165 zo \u0161portovoturistickocestovate\u013esk\u00e9ho z\u00e1\u017eitku skazilo to , \u017ee nemyslel nato, \u017ee kde prejde 60 kilov\u00fd Gazda, 90 kilov\u00fd P\u00e1le\u0161 nemus\u00ed. \u010clupol do bahna. Toto v\u0161ak ur\u010dite privolal pomstychtiv\u00fd pohrani\u010diar. Dovliekli sme \u010dlnky k lodenici a zah\u00e1jili sme proces rozmrazovania seba sam\u00fdch varen\u00fdm v\u00ednom, ale hlavne \u010dlnkov, ktor\u00e9 vypadali ako keby boli do skla zaliate. Tie sme v\u00ednom v\u0161ak rad\u0161ej neoblievali . Nebojte sa.<br \/>\nTrochu sme si posedeli v dru\u017enej debate, pospom\u00ednali na mlad\u00e9 \u010dasy, posu\u0161ili sa. Jo\u017ekovi medzit\u00fdm doru\u010dili n\u00e1hradn\u00fa obuv a zase bolo v\u0161etko v suchu a boli sme nesmierne te\u0161iv\u00fd.<br \/>\nNajv\u00e4\u010d\u0161iu rados\u0165 v\u0161ak mala Gabika, ktorej zrejme nesta\u010dilo predviano\u010dn\u00e9 upratovanie a vy\u010d\u00ed\u0148ala aj na lodenici. My v jej veku&#8230;&#8230;..<\/p>\n<p>Tak\u017ee priatelia zase niekedy do skor\u00e9ho \u010dlnkovania.<\/p>\n<p>&#8230;. toto ke\u010f raz budem rozpr\u00e1va\u0165 svojim de\u0165om&#8230;&#8230;&#8230;.<\/p>\n<p>Ja \u2013 zbo\u017eej v\u00f4le vod\u00e1k a hlava namazan\u00e1.<\/p>\n","protected":false},"excerpt":{"rendered":"<p>Zah\u00e1jenie vod\u00e1ckej sez\u00f3ny \u0161portov\u00e9ho klubu Vander a KV\u0160\u00a0zast\u00fapen\u00fdch mojou mali\u010dkos\u0165ou a kamar\u00e1tom Jo\u017ekom P\u00e1le\u0161om. U\u017e od nepam\u00e4ti tr\u00e1pi filozofov ot\u00e1zka: \u010co bolo sk\u00f4r ? Kajak, alebo kajak\u00e1r ? \u0164a\u017eko n\u00e1js\u0165 odpove\u010f na tento zapeklit\u00fd odvek\u00fd probl\u00e9m. A ani ju nebudeme h\u013eada\u0165 ale zmierime sa so skuto\u010dnos\u0165ou , \u017ee tieto dva fenom\u00e9ny v s\u00fa\u010dasnosti jestvuj\u00fa spolu&hellip;&nbsp;<a href=\"https:\/\/www.lodenicaKVS.sk\/?p=376\" rel=\"bookmark\">\u010c\u00edta\u0165 viac &raquo;<span class=\"screen-reader-text\">Moriaky na Morave<\/span><\/a><\/p>\n","protected":false},"author":1,"featured_media":0,"comment_status":"open","ping_status":"open","sticky":false,"template":"","format":"standard","meta":{"_crdt_document":"","advgb_blocks_editor_width":"","advgb_blocks_columns_visual_guide":"","neve_meta_sidebar":"","neve_meta_container":"","neve_meta_enable_content_width":"","neve_meta_content_width":0,"neve_meta_title_alignment":"","neve_meta_author_avatar":"","neve_post_elements_order":"","neve_meta_disable_header":"","neve_meta_disable_footer":"","neve_meta_disable_title":"","footnotes":""},"categories":[5],"tags":[24,117],"class_list":["post-376","post","type-post","status-publish","format-standard","hentry","category-archiv","tag-dunaj","tag-morava"],"author_meta":{"display_name":"keysho","author_link":"https:\/\/www.lodenicaKVS.sk\/?author=1"},"featured_img":null,"coauthors":[],"tax_additional":{"categories":{"linked":["<a href=\"https:\/\/www.lodenicaKVS.sk\/?cat=5\" class=\"advgb-post-tax-term\">KV\u0160<\/a>"],"unlinked":["<span class=\"advgb-post-tax-term\">KV\u0160<\/span>"]},"tags":{"linked":["<a href=\"https:\/\/www.lodenicaKVS.sk\/?cat=5\" class=\"advgb-post-tax-term\">Dunaj<\/a>","<a href=\"https:\/\/www.lodenicaKVS.sk\/?cat=5\" class=\"advgb-post-tax-term\">Morava<\/a>"],"unlinked":["<span class=\"advgb-post-tax-term\">Dunaj<\/span>","<span class=\"advgb-post-tax-term\">Morava<\/span>"]}},"comment_count":"0","relative_dates":{"created":"Posted 24 rokov ago","modified":"Updated 6 rokov ago"},"absolute_dates":{"created":"Posted on 12.01.2002","modified":"Updated on 03.02.2020"},"absolute_dates_time":{"created":"Posted on 12.01.2002 22:20","modified":"Updated on 03.02.2020 03:15"},"featured_img_caption":"","series_order":"","_links":{"self":[{"href":"https:\/\/www.lodenicaKVS.sk\/index.php?rest_route=\/wp\/v2\/posts\/376","targetHints":{"allow":["GET"]}}],"collection":[{"href":"https:\/\/www.lodenicaKVS.sk\/index.php?rest_route=\/wp\/v2\/posts"}],"about":[{"href":"https:\/\/www.lodenicaKVS.sk\/index.php?rest_route=\/wp\/v2\/types\/post"}],"author":[{"embeddable":true,"href":"https:\/\/www.lodenicaKVS.sk\/index.php?rest_route=\/wp\/v2\/users\/1"}],"replies":[{"embeddable":true,"href":"https:\/\/www.lodenicaKVS.sk\/index.php?rest_route=%2Fwp%2Fv2%2Fcomments&post=376"}],"version-history":[{"count":3,"href":"https:\/\/www.lodenicaKVS.sk\/index.php?rest_route=\/wp\/v2\/posts\/376\/revisions"}],"predecessor-version":[{"id":2803,"href":"https:\/\/www.lodenicaKVS.sk\/index.php?rest_route=\/wp\/v2\/posts\/376\/revisions\/2803"}],"wp:attachment":[{"href":"https:\/\/www.lodenicaKVS.sk\/index.php?rest_route=%2Fwp%2Fv2%2Fmedia&parent=376"}],"wp:term":[{"taxonomy":"category","embeddable":true,"href":"https:\/\/www.lodenicaKVS.sk\/index.php?rest_route=%2Fwp%2Fv2%2Fcategories&post=376"},{"taxonomy":"post_tag","embeddable":true,"href":"https:\/\/www.lodenicaKVS.sk\/index.php?rest_route=%2Fwp%2Fv2%2Ftags&post=376"}],"curies":[{"name":"wp","href":"https:\/\/api.w.org\/{rel}","templated":true}]}}