{"id":380,"date":"2003-02-28T22:23:49","date_gmt":"2003-02-28T21:23:49","guid":{"rendered":"http:\/\/www.lodenicaKVS.sk\/?p=380"},"modified":"2020-02-03T04:19:57","modified_gmt":"2020-02-03T03:19:57","slug":"pribehy-zo-zvieracej-kazajky","status":"publish","type":"post","link":"https:\/\/www.lodenicaKVS.sk\/?p=380","title":{"rendered":"Pr\u00edbehy zo zvieracej kazajky"},"content":{"rendered":"\n<h3 class=\"wp-block-heading\">Vo\u013en\u00e9 pokra\u010dovanie cyklu&nbsp;\u010diasto\u010dne autobiografick\u00e9ho prepisu v\u00fdpoved\u00ed, rozpr\u00e1van\u00ed, ag\u00f3ni\u00ed a tr\u00e1um&nbsp;pacientov istej psychiatrickej lie\u010debne<\/h3>\n\n\n\n<p class=\"wp-block-paragraph\">pacient \u010d.1 \u2013 ten \u010do tvrd\u00ed, \u017ee je \u0160p\u00e1ro<br>pacient \u010d.2 \u2013 ten \u010do tvrd\u00ed, \u017ee je \u010cerv\u00edk<br>pacient \u010d.3 \u2013 t\u00e1 \u010do tvrd\u00ed, \u017ee je Vretenica<br>pacient \u010d.4 \u2013 ten \u010do tvrd\u00ed, \u017ee je Ogur<br>pacient \u010d.5 \u2013 ten \u010do tvrd\u00ed, \u017ee som to Ja<\/p>\n\n\n\n<p class=\"wp-block-paragraph\">Pozn\u00e1mka o\u0161etruj\u00faceho lek\u00e1ra: 28. 02. 2003 Blava<br>Po dlh\u0161om \u010dase , bolo to presne 28. 02. 2003, sa stav na\u0161ich pacientov &#8211; zvierencov v istej nemenovanej psychiatrickej lie\u010debne javil stabilizovan\u00fd a ich du\u0161evn\u00e9 rozpolo\u017eenie vyrovnan\u00e9, dostali teda na v\u00edkend vych\u00e1dzky. Miesto toho aby t\u00ed bl\u00e1zni nav\u0161t\u00edvili svojich bl\u00edzkych a venovali sa rodin\u00e1m, vybrali sa do lesa do Kremnick\u00fdch vrchov.<br>No nazdar! T\u00ed zas bud\u00fa vy\u010d\u00ed\u0148a\u0165&#8230;..<\/p>\n\n\n\n<p class=\"wp-block-paragraph\">A tu u\u017e za\u010d\u00edna rozpr\u00e1vanie jedn\u00e9ho z nich&#8230;&#8230;..<\/p>\n\n\n\n<p class=\"wp-block-paragraph\">V piatok sme sa r\u00e1no zi\u0161li na stanici skoro v\u0161etci okrem Jarou\u0161ka. Ke\u010f\u017ee \u010das odchodu vlaku sa bl\u00ed\u017eil a s n\u00edm sa od\u010faloval pr\u00edchod Jarou\u0161kovho batohu a jeho (a t\u00fdm aj m\u00f4jho) stanu v \u0148om, bol som uzmieren\u00fd so vzniknut\u00fdm stavom a nocovan\u00edm so \u0160p\u00e1rom a Vreteni\u010dkou. Zadov\u00e1\u017eili sme patri\u010dn\u00fd po\u010det cestovn\u00fdch dokladov, okrem Jarou\u0161ka, lebo sa mohol opakova\u0165 scen\u00e1r z minulosti , \u017ee zam\u00e1va zo susedn\u00e9ho per\u00f3nu odch\u00e1dzaj\u00facemu vlaku. No nezam\u00e1val. E\u0161te bola \u0161anca Vinohrady! Nevyu\u017eil ju. V duchu som si premietal obsah batohu a&#8230;..a&#8230;.a sl\u00e1va. Zistil som , \u017ee pre\u017eijem aj tak. Tak som si poutieral slzy a za\u010dal sa te\u0161i\u0165 \u010falej. Zaujali sme miesto v kup\u00e9, kde u\u017e sedela seri\u00f3zne vyzeraj\u00faca pani, trpiaca zrejme boles\u0165ami hlavy, lebo po \u010cerv\u00edkovom chv\u00ed\u013ekovom monol\u00f3gu a na\u0161om ob\u010dasnom hlesnut\u00ed prehl\u00e1sila, \u017ee ju bol\u00ed hlava. \u00dadajne nie z hluku, ale z toho , \u017ee chceme spa\u0165 na snehu. Neu\u0161la z bl\u00e1zninca ? No m\u0148a e\u0161te hlava z toho nebolela, \u017ee niekomu bude zima a silou mocou to chce. Zrazu stoj\u00edme v Trnave a \u010cerv\u00edk zbadal na per\u00f3ne ve\u013ek\u00e9ho \u010dloveka s ve\u013ek\u00fdm batohom a chytil n\u00e1kazliv\u00e9 podozrenie , \u017ee to je Jaro. Ne\u0161lo n\u00e1m to moc do hlavy ale cesty P\u00e1ne a Jara s\u00fa nevyspytate\u013en\u00e9. Na to vtrhol Jaro do kup\u00e9 , nezbadaj\u00fac seri\u00f3znu pani s boles\u0165ami hlavy, s pozdravom: Vy kokoti na\u010do m\u00e1te mobily. Pani to utvrdilo v presved\u010den\u00ed a domnen\u00ed, \u017ee sme slu\u0161ne vychovan\u00ed, norm\u00e1lni a inteligentn\u00ed \u013eudia. Ur\u010dite \u0161la do Ko\u0161\u00edc, ale rozhodla sa v Pie\u0161\u0165anoch vyst\u00fapi\u0165 a t\u00fa bo\u013eav\u00fa hlavu prelie\u010di\u0165. Boli sme kompletn\u00ed, a aj Fr\u010dkov duch bol s nami vo forme nevy\u010derpate\u013enej pollitrovky prudko hor\u013eavej, v\u00fdbu\u0161nej a asi aj jedovatej jablkovice extrahovanej z technick\u00e9ho benz\u00ednu zrejme. Chud\u00e1kovi sa pred odchodom zhor\u0161il stav a a dostal z\u00e1chvat zorkovice preto ho nepustili. Takto sme v dru\u017enej konverz\u00e1cii a konzum\u00e1cii dorazili do \u010cremo\u0161n\u00e9ho. Jardo ako businessman vybavil p\u00e1r d\u00f4le\u017eit\u00fdch volan\u00ed, k\u00fdm sme mu nezak\u00e1zali pou\u017e\u00edva\u0165 ten apar\u00e1t. \u010co ke\u010f n\u00e1s odpo\u010d\u00favaj\u00fa? Okrem \u010diernej ma\u010dky a hromady snehu n\u00e1s tu ni\u010d zl\u00e9 ne\u010dakalo. Nav\u0161\u0165\u00edvili sme miestnu horsk\u00fa chatu, ktor\u00e1 bola maxim\u00e1lne nesympatick\u00e1, lebo v tom frmole \u010do tam mali, mi k pivu odmietli da\u0165 zmrzlinov\u00fd poh\u00e1r a t\u00fdm si to u m\u0148a na celej \u010diare po&#8230;. Ve\u010f viete \u010do. Medzi re\u010dou n\u00e1m v\u0161ak chat\u00e1r zvestoval radostn\u00fa novinu, \u017ee medvede sa zobudili a za\u010dali prev\u00e1dzkova\u0165 \u010dul\u00fd turistick\u00fd ruch. Prizn\u00e1m sa na\u0161a ideol\u00f3gia mierne zakol\u00edsala. No medve\u010fku daj labku, bude \u017ee to veselo! Ke\u010f som si pomyslel na M\u00ed\u0161u- maskota z moskovsk\u00fdch olympijsk\u00fdch hier, nezdalo sa mi to moc krvila\u010dn\u00e9 zviera.<\/p>\n\n\n\n<p class=\"wp-block-paragraph\">S\u00edce sa povr\u00e1va, \u017ee Medv\u011bdi, nev\u011bd\u00ed ,\u017ee turist\u00e9 nemaj zbrane&#8230; ale \u010do ke\u010f sa \u010desk\u00e1 \u013eudov\u00e1 slovesnos\u0165 sa m\u00edli? ?!?!?! .. a.adrenal\u00edn za\u010dal klesa\u0165 do tren\u00edrok.&nbsp;Veru m\u00f4j no\u017e\u00edk rybka na\u0161u ideol\u00f3giu moc nepodr\u017eal Jedinou na\u0161ou tajnou zbra\u0148ou bol akustick\u00fd odpudzova\u010d divej zveri = \u010cerv\u00edk. Nasadili sme ho do prvej l\u00ednie. A \u010do ke\u010f zlyh\u00e1?<\/p>\n\n\n\n<p class=\"wp-block-paragraph\">Vyrazili sme v\u0161ak navzdory v\u0161etk\u00e9mu do hory smerom hore na Flochov\u00fa. Do \u00fatoku sme nasadili tajn\u00e9 zbrane. S Jarom sme n\u00e1\u0161 v\u00fdstup istili zo zadu. Pri tom st\u00fapan\u00ed sme pomaly aj na medvede zabudli, tak\u00e1 to bola drina. Sneh bol vaj\u00ed\u010dkov\u00fd t.j. po vaj\u00ed\u010dka. E\u0161te \u017ee niekto pred nami i\u0161iel a sn\u00e1\u010f to nebol chlp\u00e1\u010d. Ka\u017ed\u00fa chv\u00ed\u013eu som si myslel , \u017ee sme tak hore, \u017ee hor\u0161ie na tom ani nem\u00f4\u017eeme by\u0165. A boli sme. Nekone\u010dn\u00fd kopec mal hodne \u010faleko koniec a vrchol. So silami na konci a uzmieren\u00fd so v\u0161etk\u00fdm, sme zdolali posledn\u00e9 metre a dostali, sa na vrchol, kde n\u00e1s Vreteni\u010dka na posledn\u00fdch 20 metrov obalamutila a don\u00fatila obu\u0165 be\u017eky a tak sme dorazili sme k t\u00e1bor\u00e1ku , ktor\u00fd sa pomaly preh\u00e1ral k pevnej zemi ( bolo to cca 60-70 cm) a ktor\u00fd zalo\u017eil \u010cerv\u00edk . Tu sme aj zat\u00e1borili a nakoniec prespali. Za\u010dali sa lukulsk\u00e9 hody. \u010cerv\u00edk n\u00e1m porozpr\u00e1val vesel\u00e9 pr\u00edbehy ako odrezal medve\u010fovi ucho v Kar\u00e9lii. Nepam\u00e4t\u00e1m sa v\u0161ak u\u017e \u010di to bolo v miestnom pr\u00edrodopisnom m\u00fazeu alebo ako trofej z ply\u0161ov\u00e9ho maca nejak\u00e9ho komsomolsk\u00e9ho \u0161kol\u00e1\u010dika, ktor\u00e9ho zrejme chcel ozb\u00edja\u0165 o \u017euva\u010dky. Po \u010dase sme za\u010dali pom\u00fd\u0161la\u0165 na sp\u00e1nok. Zaliezli sme do na\u0161ich stanov a \u010cerv\u00edk pod smrek do svojho \u010derven\u00e9ho spac\u00e1ku za 12 000 Sk-on stan toti\u017e nepotrebuje. Potraviny sme rad\u0161ej nechali mimo stanu, na stromoch. \u010co ke\u010f pr\u00edde? Ute\u0161oval som sa , \u017ee ke\u010f pr\u00edde a nebude mu sta\u010di\u0165 n\u00e1\u0161 skromn\u00fd proviant, prv\u00fd bude na rane \u010cerv\u00edk. Pripom\u00ednal mi v tom spac\u00e1ku toti\u017e hotdog, ch\u00fdbala u\u017e len hor\u010dica, ale t\u00fa skoro dodal v istom du\u0161evnom rozpolo\u017een\u00ed. Toti\u017e kamar\u00e1ta Jara, m\u00f4jho zpolunocla\u017en\u00edka, chytilo v noci sranie a s tich\u00fdm prdom vybehol zo stanu. \u010cerv\u00edk to pova\u017eoval za medvedie ru\u010danie a zareval: BOHA JEHO! U\u017d JE TU! Nevedel som v prvom okamihu \u010di dorazil smrad, alebo so na\u0148ho zosunul Jarov hrub\u00fd dom\u00e1ci produkt, \u010do vyprodukoval. A\u017e potom mi svitlo. Medve\u010f! On si ho pom\u00fdlil s medve\u010fom. Ke\u010f sa Jaro vr\u00e1til e\u0161te hodn\u00fa chv\u00ed\u013eu sme sa \u0161\u00falali v stane.<\/p>\n\n\n\n<p class=\"wp-block-paragraph\">Aj som sa b\u00e1l, \u017ee bude tasi\u0165 n\u00f4\u017e a reza\u0165 ucho, chud\u00e1k Jaro mohol by\u0165 teraz na jedno ucho hluch\u00fd, keby ho vym\u00e1kol. \u010cerv\u00edk v\u0161ak zmenil taktiku, za\u00fato\u010dil na medve\u010fa pekne zhurta sloveskou gramatikou. \u017diadne m\u00e4kk\u00e9 alebo tvrd\u00e9 i, ale v\u0161etky nevyberan\u00e9 slov\u00e1 po k, p, r a to vo v\u00e4zbe na predlo\u017eku do. Mysl\u00edm \u017ee vtedy aj t\u00fa hor\u010dicu skoro vytla\u010dil. Museli sme ho uk\u013eudni\u0165 , \u017ee to boli Jarove nevinn\u00e9 \u010drevn\u00e9 pochody a na\u0161e takmer ne\u0161kodn\u00e9 prdy. Aj ke\u010f n\u00e1m vykladal, \u017ee v igelitke nad sebou povesene,j v prvom okamihu videl medve\u010fa stojaceho nad n\u00edm. Mal jej ureza\u0165 ucho ako vtedy v Kar\u00e9lii, mo\u017eno by sa dala na \u00fatek &#8211; igelitka protivn\u00e1. Prizn\u00e1m sa v\u0161ak, s Jarom sme do r\u00e1na chv\u00ed\u013eu na\u010d\u00favali, \u010di nie\u010do okolo nechod\u00ed. A r\u00e1no n\u00e1m \u0160p\u00e1ro uk\u00e1zal strom v na\u0161om t\u00e1bore dodr\u00e1pan\u00fd od medved\u00edch paz\u00farov, nebolo to v\u0161ak chvalabohu \u010derstv\u00e9 . Po tomto z\u00e1\u017eitku n\u00e1m celkom dobre tr\u00e1vilo pri ra\u0148ajk\u00e1ch a po \u010dase sme vyrazili po medved\u00edch stezk\u00e1ch na Skalku. Za\u010diatok bol na figu, potom, ke\u010f sme nast\u00fapili na stopu u\u017e to celkom \u0161lo. Miestami som sa aj urval z re\u0165aze a chv\u00ed\u013eu pobehol aj ke\u010f ma batoh ob\u010das kl\u00e1til. Chud\u00e1ka \u010cerva sa mi podarilo nap\u00e1li\u0165 ke\u010f som mu chv\u00ed\u013eu d\u00fdchal na p\u00e4ty a poto som ho obehol z posledn\u00fdch s\u00edl. Vedel som, \u017ee tak dlho nevydr\u017e\u00edm, ale vedel som aj to \u017ee ho poriadne nap\u00e1lim a aj ke\u010f som sa fyzicky zruinoval st\u00e1lo mi to za ten pocit. Nezniesol to a vy\u0161tartoval, bol som v\u0161ak u\u017e spokojn\u00fd a na Skalke k\u00fdm pri\u0161li ostat\u00ed som k\u013eudne hodil p\u00f3zu chc\u00edpleho chrob\u00e1ka a hodil sa na chrb\u00e1t na batoh. T\u00fdch p\u00e1r metrov som mal vydr\u017ea\u0165 a nepusti\u0165 ho pre seba, po tom medve\u010fovi by to bola krut\u00e1 rana , \u017ee ho tak\u00fd sr\u00e1\u010d nechal za sebou. Sta\u010dilo mi v\u0161ak aj to \u010diasto\u010dn\u00e9 vi\u0165azstvo. Po\u010dkali sme sa a ke\u010f sme boli v\u0161etci, vpadli sme do miestnej putyky, kde mi neodmietli zmrzlinov\u00fd poh\u00e1r a z\u00edskali si teda navzdory ne\u00famerne malej porcii a vysokej cene, moje symf\u00f3nie. \u010co to sme skonzumovali a vyrazili \u010falej na Kr\u00e1liky. Nu\u017e s pln\u00fdm bruchom a mech\u00farom to u\u017e \u0161lo \u0165a\u017e\u0161ie. Nasledoval pod\u013ea kohosi \u00fadajne pekn\u00fd zjazd, zakon\u010den\u00fd \u00fadajne peknou zjazdovkou. Ak toto bola kr\u00e1sa, tak ja som minim\u00e1lne Snehulienka. Celkov\u00fd dojem u m\u0148a nevylep\u0161ila ani kr\u010dma , kde zase nemali zmrzlinov\u00fd poh\u00e1r. Po kr\u00e1tkej konzum\u00e1cii, bol \u010das sa niekde zakutra\u0165. Nakoniec sme to zapichli pod les\u00edkom, ktor\u00fd sme uprednostnili pred polorozpadnutou ma\u0161ta\u013eou.<\/p>\n\n\n\n<p class=\"wp-block-paragraph\">Akosi sme dnes spali viac pokope ako minul\u00fa noc. Zoskupenie na\u0161ich dvoch stanov a \u010cerv\u00edkovho le\u017eoviska pripom\u00ednalo vozov\u00fa hradbu odol\u00e1vaj\u00facu \u00fatokom st\u00e1da medve\u010fov. R\u00e1no sa n\u00e1m podarilo dopi\u0165 aj Jarov ekrazit, vyvol\u00e1vaj\u00faci dojem pr\u00edtomnosti Fr\u010dka a pomerne v\u010das vyrazi\u0165 krko a noholomn\u00fdm ter\u00e9nom smerom k Banskej Bystrici. L\u00fa\u010dka pod nami bola niek\u00fdm pochoden\u00e1 kr\u00ed\u017eom kr\u00e1\u017eom a ten niekto bol veru bos\u00fd. Nebolo to v\u0161ak \u010derstv\u00e9. Zobrali sme to zase cez jeden lok\u00e1l, kde zmrzlinov\u00fd poh\u00e1r nemali a tak som zmoren\u00fd a na\u0161tvan\u00fd do\u0161iel a\u017e do Bystrice a odtia\u013e spolo\u010dne sme sa vr\u00e1tili ma\u0161inkou a\u017e nazad na svoje izby a cely.<\/p>\n\n\n\n<p class=\"wp-block-paragraph\">Pozn\u00e1mka o\u0161etruj\u00faceho lek\u00e1ra: 2. 6. 2003 Blava<br>Po n\u00e1vrate boli na\u0161i zvierenci &#8211; klienti v dezol\u00e1tnom stave.<br>Niektor\u00ed bud\u00fa musie\u0165 po tomto podst\u00fapi\u0165 r\u00f4zne proced\u00fari od studen\u00fdch sp\u0155ch cez elektro\u0161oky, zvieracie kazajky a\u017e po \u00fapln\u00fa izol\u00e1ciu od norm\u00e1lnych jedincov<br>&#8230;..a na vych\u00e1dzku sa u\u017e asi tak skoro nedostan\u00fa.<\/p>\n\n\n\n<p class=\"wp-block-paragraph\">Dr. psych. Ja<\/p>\n","protected":false},"excerpt":{"rendered":"<p>Vo\u013en\u00e9 pokra\u010dovanie cyklu&nbsp;\u010diasto\u010dne autobiografick\u00e9ho prepisu v\u00fdpoved\u00ed, rozpr\u00e1van\u00ed, ag\u00f3ni\u00ed a tr\u00e1um&nbsp;pacientov istej psychiatrickej lie\u010debne pacient \u010d.1 \u2013 ten \u010do tvrd\u00ed, \u017ee je \u0160p\u00e1ropacient \u010d.2 \u2013 ten \u010do tvrd\u00ed, \u017ee je \u010cerv\u00edkpacient \u010d.3 \u2013 t\u00e1 \u010do tvrd\u00ed, \u017ee je Vretenicapacient \u010d.4 \u2013 ten \u010do tvrd\u00ed, \u017ee je Ogurpacient \u010d.5 \u2013 ten \u010do tvrd\u00ed, \u017ee som to Ja&hellip;&nbsp;<a href=\"https:\/\/www.lodenicaKVS.sk\/?p=380\" rel=\"bookmark\">\u010c\u00edta\u0165 viac &raquo;<span class=\"screen-reader-text\">Pr\u00edbehy zo zvieracej kazajky<\/span><\/a><\/p>\n","protected":false},"author":1,"featured_media":2835,"comment_status":"open","ping_status":"open","sticky":false,"template":"","format":"standard","meta":{"_crdt_document":"","advgb_blocks_editor_width":"","advgb_blocks_columns_visual_guide":"","neve_meta_sidebar":"","neve_meta_container":"","neve_meta_enable_content_width":"","neve_meta_content_width":0,"neve_meta_title_alignment":"","neve_meta_author_avatar":"","neve_post_elements_order":"","neve_meta_disable_header":"","neve_meta_disable_footer":"","neve_meta_disable_title":"","footnotes":""},"categories":[5],"tags":[148,147],"class_list":["post-380","post","type-post","status-publish","format-standard","has-post-thumbnail","hentry","category-archiv","tag-cremosne","tag-kremnicke-vrchy"],"author_meta":{"display_name":"keysho","author_link":"https:\/\/www.lodenicaKVS.sk\/?author=1"},"featured_img":"https:\/\/www.lodenicaKVS.sk\/wp-content\/uploads\/2003\/02\/kazajka2-300x206.png","coauthors":[],"tax_additional":{"categories":{"linked":["<a href=\"https:\/\/www.lodenicaKVS.sk\/?cat=5\" class=\"advgb-post-tax-term\">KV\u0160<\/a>"],"unlinked":["<span class=\"advgb-post-tax-term\">KV\u0160<\/span>"]},"tags":{"linked":["<a href=\"https:\/\/www.lodenicaKVS.sk\/?cat=5\" class=\"advgb-post-tax-term\">\u010cremo\u0161n\u00e9<\/a>","<a href=\"https:\/\/www.lodenicaKVS.sk\/?cat=5\" class=\"advgb-post-tax-term\">Kremnick\u00e9 vrchy<\/a>"],"unlinked":["<span class=\"advgb-post-tax-term\">\u010cremo\u0161n\u00e9<\/span>","<span class=\"advgb-post-tax-term\">Kremnick\u00e9 vrchy<\/span>"]}},"comment_count":"0","relative_dates":{"created":"Posted 23 rokov ago","modified":"Updated 6 rokov ago"},"absolute_dates":{"created":"Posted on 28.02.2003","modified":"Updated on 03.02.2020"},"absolute_dates_time":{"created":"Posted on 28.02.2003 22:23","modified":"Updated on 03.02.2020 04:19"},"featured_img_caption":"","series_order":"","_links":{"self":[{"href":"https:\/\/www.lodenicaKVS.sk\/index.php?rest_route=\/wp\/v2\/posts\/380","targetHints":{"allow":["GET"]}}],"collection":[{"href":"https:\/\/www.lodenicaKVS.sk\/index.php?rest_route=\/wp\/v2\/posts"}],"about":[{"href":"https:\/\/www.lodenicaKVS.sk\/index.php?rest_route=\/wp\/v2\/types\/post"}],"author":[{"embeddable":true,"href":"https:\/\/www.lodenicaKVS.sk\/index.php?rest_route=\/wp\/v2\/users\/1"}],"replies":[{"embeddable":true,"href":"https:\/\/www.lodenicaKVS.sk\/index.php?rest_route=%2Fwp%2Fv2%2Fcomments&post=380"}],"version-history":[{"count":3,"href":"https:\/\/www.lodenicaKVS.sk\/index.php?rest_route=\/wp\/v2\/posts\/380\/revisions"}],"predecessor-version":[{"id":2829,"href":"https:\/\/www.lodenicaKVS.sk\/index.php?rest_route=\/wp\/v2\/posts\/380\/revisions\/2829"}],"wp:featuredmedia":[{"embeddable":true,"href":"https:\/\/www.lodenicaKVS.sk\/index.php?rest_route=\/wp\/v2\/media\/2835"}],"wp:attachment":[{"href":"https:\/\/www.lodenicaKVS.sk\/index.php?rest_route=%2Fwp%2Fv2%2Fmedia&parent=380"}],"wp:term":[{"taxonomy":"category","embeddable":true,"href":"https:\/\/www.lodenicaKVS.sk\/index.php?rest_route=%2Fwp%2Fv2%2Fcategories&post=380"},{"taxonomy":"post_tag","embeddable":true,"href":"https:\/\/www.lodenicaKVS.sk\/index.php?rest_route=%2Fwp%2Fv2%2Ftags&post=380"}],"curies":[{"name":"wp","href":"https:\/\/api.w.org\/{rel}","templated":true}]}}