{"id":4492,"date":"2023-11-13T16:52:08","date_gmt":"2023-11-13T15:52:08","guid":{"rendered":"https:\/\/www.lodenicaKVS.sk\/?p=4492"},"modified":"2024-05-09T11:43:57","modified_gmt":"2024-05-09T09:43:57","slug":"nove-kanoe-od-bsk","status":"publish","type":"post","link":"https:\/\/www.lodenicaKVS.sk\/?p=4492","title":{"rendered":"Nov\u00e9 k\u00e1noe od BSK"},"content":{"rendered":"<p>Bratislavsk\u00fd samospr\u00e1vny kraj podporil detsk\u00fd vod\u00e1cky kr\u00fa\u017eok v\u00a0Karloveskej lodenici. V\u010faka V\u00fdzve na podporu \u0161portu v r\u00e1mci Bratislavskej region\u00e1lnej dota\u010dnej sch\u00e9my dostali na\u0161i mlad\u00ed vod\u00e1ci v z\u00e1vere vod\u00e1ckej sez\u00f3ny pr\u00edspevok na p\u00e4\u0165 nov\u00fdch k\u00e1noe s kompletn\u00fdm vybaven\u00edm. Netrpezliv\u00ed vod\u00e1ci vyu\u017eili aj jeden z posledn\u00fdch novembrov\u00fdch slne\u010dn\u00fdch dn\u00ed a\u00a0novu\u010di\u010dk\u00fa flotilu na Karloveskom ramene vysk\u00fa\u0161ali. Nov\u00e9 lode bud\u00fa detsk\u00ed vod\u00e1ci v\u00a0bud\u00facej sez\u00f3ne naplno vyu\u017e\u00edva\u0165 pri v\u00fdcvikoch nov\u00fdch adeptov vod\u00e1ckeho \u0161portu a\u00a0samozrejme na jarn\u00fdch a\u00a0letn\u00fdch splavoch.<\/p>\n\n\n<figure class=\"wp-block-image size-large\"><img fetchpriority=\"high\" decoding=\"async\" width=\"1024\" height=\"461\" src=\"https:\/\/www.lodenicaKVS.sk\/wp-content\/uploads\/2023\/11\/IMG_20231108_163601167-1024x461.jpg\" alt=\"\" class=\"wp-image-4495\" srcset=\"https:\/\/www.lodenicaKVS.sk\/wp-content\/uploads\/2023\/11\/IMG_20231108_163601167-1024x461.jpg 1024w, https:\/\/www.lodenicaKVS.sk\/wp-content\/uploads\/2023\/11\/IMG_20231108_163601167-300x135.jpg 300w, https:\/\/www.lodenicaKVS.sk\/wp-content\/uploads\/2023\/11\/IMG_20231108_163601167-768x346.jpg 768w, https:\/\/www.lodenicaKVS.sk\/wp-content\/uploads\/2023\/11\/IMG_20231108_163601167-1536x691.jpg 1536w, https:\/\/www.lodenicaKVS.sk\/wp-content\/uploads\/2023\/11\/IMG_20231108_163601167-2048x922.jpg 2048w\" sizes=\"(max-width: 1024px) 100vw, 1024px\" \/><\/figure>\n","protected":false},"excerpt":{"rendered":"<p>Bratislavsk\u00fd samospr\u00e1vny kraj podporil detsk\u00fd vod\u00e1cky kr\u00fa\u017eok v\u00a0Karloveskej lodenici. V\u010faka V\u00fdzve na podporu \u0161portu v r\u00e1mci Bratislavskej region\u00e1lnej dota\u010dnej sch\u00e9my dostali na\u0161i mlad\u00ed vod\u00e1ci v z\u00e1vere vod\u00e1ckej sez\u00f3ny pr\u00edspevok na p\u00e4\u0165 nov\u00fdch k\u00e1noe s kompletn\u00fdm vybaven\u00edm. Netrpezliv\u00ed vod\u00e1ci vyu\u017eili aj jeden z posledn\u00fdch novembrov\u00fdch slne\u010dn\u00fdch dn\u00ed a\u00a0novu\u010di\u010dk\u00fa flotilu na Karloveskom ramene vysk\u00fa\u0161ali. Nov\u00e9 lode bud\u00fa&hellip;&nbsp;<a href=\"https:\/\/www.lodenicaKVS.sk\/?p=4492\" rel=\"bookmark\">\u010c\u00edta\u0165 viac &raquo;<span class=\"screen-reader-text\">Nov\u00e9 k\u00e1noe od BSK<\/span><\/a><\/p>\n","protected":false},"author":1,"featured_media":4493,"comment_status":"closed","ping_status":"closed","sticky":false,"template":"","format":"standard","meta":{"_crdt_document":"","advgb_blocks_editor_width":"","advgb_blocks_columns_visual_guide":"","neve_meta_sidebar":"","neve_meta_container":"","neve_meta_enable_content_width":"","neve_meta_content_width":0,"neve_meta_title_alignment":"","neve_meta_author_avatar":"","neve_post_elements_order":"","neve_meta_disable_header":"","neve_meta_disable_footer":"","neve_meta_disable_title":"","footnotes":""},"categories":[5,4],"tags":[],"class_list":["post-4492","post","type-post","status-publish","format-standard","has-post-thumbnail","hentry","category-archiv","category-verejnost"],"author_meta":{"display_name":"keysho","author_link":"https:\/\/www.lodenicaKVS.sk\/?author=1"},"featured_img":"https:\/\/www.lodenicaKVS.sk\/wp-content\/uploads\/2023\/11\/IMG_20231108_163616074-300x135.jpg","coauthors":[],"tax_additional":{"categories":{"linked":["<a href=\"https:\/\/www.lodenicaKVS.sk\/?cat=5\" class=\"advgb-post-tax-term\">KV\u0160<\/a>","<a href=\"https:\/\/www.lodenicaKVS.sk\/?cat=4\" class=\"advgb-post-tax-term\">Verejnos\u0165<\/a>"],"unlinked":["<span class=\"advgb-post-tax-term\">KV\u0160<\/span>","<span class=\"advgb-post-tax-term\">Verejnos\u0165<\/span>"]}},"comment_count":"0","relative_dates":{"created":"Posted 2 roky ago","modified":"Updated 2 roky ago"},"absolute_dates":{"created":"Posted on 13.11.2023","modified":"Updated on 09.05.2024"},"absolute_dates_time":{"created":"Posted on 13.11.2023 16:52","modified":"Updated on 09.05.2024 11:43"},"featured_img_caption":"","series_order":"","_links":{"self":[{"href":"https:\/\/www.lodenicaKVS.sk\/index.php?rest_route=\/wp\/v2\/posts\/4492","targetHints":{"allow":["GET"]}}],"collection":[{"href":"https:\/\/www.lodenicaKVS.sk\/index.php?rest_route=\/wp\/v2\/posts"}],"about":[{"href":"https:\/\/www.lodenicaKVS.sk\/index.php?rest_route=\/wp\/v2\/types\/post"}],"author":[{"embeddable":true,"href":"https:\/\/www.lodenicaKVS.sk\/index.php?rest_route=\/wp\/v2\/users\/1"}],"replies":[{"embeddable":true,"href":"https:\/\/www.lodenicaKVS.sk\/index.php?rest_route=%2Fwp%2Fv2%2Fcomments&post=4492"}],"version-history":[{"count":4,"href":"https:\/\/www.lodenicaKVS.sk\/index.php?rest_route=\/wp\/v2\/posts\/4492\/revisions"}],"predecessor-version":[{"id":4522,"href":"https:\/\/www.lodenicaKVS.sk\/index.php?rest_route=\/wp\/v2\/posts\/4492\/revisions\/4522"}],"wp:featuredmedia":[{"embeddable":true,"href":"https:\/\/www.lodenicaKVS.sk\/index.php?rest_route=\/wp\/v2\/media\/4493"}],"wp:attachment":[{"href":"https:\/\/www.lodenicaKVS.sk\/index.php?rest_route=%2Fwp%2Fv2%2Fmedia&parent=4492"}],"wp:term":[{"taxonomy":"category","embeddable":true,"href":"https:\/\/www.lodenicaKVS.sk\/index.php?rest_route=%2Fwp%2Fv2%2Fcategories&post=4492"},{"taxonomy":"post_tag","embeddable":true,"href":"https:\/\/www.lodenicaKVS.sk\/index.php?rest_route=%2Fwp%2Fv2%2Ftags&post=4492"}],"curies":[{"name":"wp","href":"https:\/\/api.w.org\/{rel}","templated":true}]}}