{"id":4671,"date":"2024-06-29T20:24:00","date_gmt":"2024-06-29T18:24:00","guid":{"rendered":"https:\/\/www.lodenicaKVS.sk\/?p=4671"},"modified":"2024-09-09T17:13:40","modified_gmt":"2024-09-09T15:13:40","slug":"splav-stareho-koryta-a-madarskych-ramien-dunaja","status":"publish","type":"post","link":"https:\/\/www.lodenicaKVS.sk\/?p=4671","title":{"rendered":"Splav star\u00e9ho koryta a ma\u010farsk\u00fdch ramien Dunaja"},"content":{"rendered":"\n<p class=\"wp-block-paragraph\">29.6.2024 na de\u0148 Dunaja sa uskuto\u010dnil splav star\u00e9ho koryta Dunaja a ma\u010farsk\u00fdch ramien. Z\u00fa\u010dastnilo sa ho 25 \u013eud\u00ed z \u010doho v\u00e4\u010d\u0161ina neboli \u010dlenovia klubu. T\u00ed u\u017e mnoh\u00fd boli v tom \u010dase na in\u00fdch akci\u00e1ch.<\/p>\n\n\n\n<figure class=\"wp-block-gallery has-nested-images columns-default is-cropped wp-block-gallery-1 is-layout-flex wp-block-gallery-is-layout-flex\">\n<figure class=\"wp-block-image size-large\"><img fetchpriority=\"high\" decoding=\"async\" width=\"1024\" height=\"768\" data-id=\"4673\" src=\"https:\/\/www.lodenicaKVS.sk\/wp-content\/uploads\/2024\/09\/RIMG6206-1024x768.jpg\" alt=\"\" class=\"wp-image-4673\" srcset=\"https:\/\/www.lodenicaKVS.sk\/wp-content\/uploads\/2024\/09\/RIMG6206-1024x768.jpg 1024w, https:\/\/www.lodenicaKVS.sk\/wp-content\/uploads\/2024\/09\/RIMG6206-300x225.jpg 300w, https:\/\/www.lodenicaKVS.sk\/wp-content\/uploads\/2024\/09\/RIMG6206-768x576.jpg 768w, https:\/\/www.lodenicaKVS.sk\/wp-content\/uploads\/2024\/09\/RIMG6206-1536x1152.jpg 1536w, https:\/\/www.lodenicaKVS.sk\/wp-content\/uploads\/2024\/09\/RIMG6206-2048x1536.jpg 2048w\" sizes=\"(max-width: 1024px) 100vw, 1024px\" \/><\/figure>\n\n\n\n<figure class=\"wp-block-image size-large\"><img decoding=\"async\" width=\"1024\" height=\"768\" data-id=\"4674\" src=\"https:\/\/www.lodenicaKVS.sk\/wp-content\/uploads\/2024\/09\/RIMG6199-1024x768.jpg\" alt=\"\" class=\"wp-image-4674\" srcset=\"https:\/\/www.lodenicaKVS.sk\/wp-content\/uploads\/2024\/09\/RIMG6199-1024x768.jpg 1024w, https:\/\/www.lodenicaKVS.sk\/wp-content\/uploads\/2024\/09\/RIMG6199-300x225.jpg 300w, https:\/\/www.lodenicaKVS.sk\/wp-content\/uploads\/2024\/09\/RIMG6199-768x576.jpg 768w, https:\/\/www.lodenicaKVS.sk\/wp-content\/uploads\/2024\/09\/RIMG6199-1536x1152.jpg 1536w, https:\/\/www.lodenicaKVS.sk\/wp-content\/uploads\/2024\/09\/RIMG6199-2048x1536.jpg 2048w\" sizes=\"(max-width: 1024px) 100vw, 1024px\" \/><\/figure>\n\n\n\n<figure class=\"wp-block-image size-large\"><img decoding=\"async\" width=\"1024\" height=\"768\" data-id=\"4672\" src=\"https:\/\/www.lodenicaKVS.sk\/wp-content\/uploads\/2024\/09\/RIMG6202-1024x768.jpg\" alt=\"\" class=\"wp-image-4672\" srcset=\"https:\/\/www.lodenicaKVS.sk\/wp-content\/uploads\/2024\/09\/RIMG6202-1024x768.jpg 1024w, https:\/\/www.lodenicaKVS.sk\/wp-content\/uploads\/2024\/09\/RIMG6202-300x225.jpg 300w, https:\/\/www.lodenicaKVS.sk\/wp-content\/uploads\/2024\/09\/RIMG6202-768x576.jpg 768w, https:\/\/www.lodenicaKVS.sk\/wp-content\/uploads\/2024\/09\/RIMG6202-1536x1152.jpg 1536w, https:\/\/www.lodenicaKVS.sk\/wp-content\/uploads\/2024\/09\/RIMG6202-2048x1536.jpg 2048w\" sizes=\"(max-width: 1024px) 100vw, 1024px\" \/><\/figure>\n<\/figure>\n\n\n\n<p class=\"wp-block-paragraph\"><\/p>\n","protected":false},"excerpt":{"rendered":"<p>29.6.2024 na de\u0148 Dunaja sa uskuto\u010dnil splav star\u00e9ho koryta Dunaja a ma\u010farsk\u00fdch ramien. Z\u00fa\u010dastnilo sa ho 25 \u013eud\u00ed z \u010doho v\u00e4\u010d\u0161ina neboli \u010dlenovia klubu. T\u00ed u\u017e mnoh\u00fd boli v tom \u010dase na in\u00fdch akci\u00e1ch.<\/p>\n","protected":false},"author":1,"featured_media":0,"comment_status":"closed","ping_status":"closed","sticky":false,"template":"","format":"standard","meta":{"_crdt_document":"","advgb_blocks_editor_width":"","advgb_blocks_columns_visual_guide":"","neve_meta_sidebar":"","neve_meta_container":"","neve_meta_enable_content_width":"","neve_meta_content_width":0,"neve_meta_title_alignment":"","neve_meta_author_avatar":"","neve_post_elements_order":"","neve_meta_disable_header":"","neve_meta_disable_footer":"","neve_meta_disable_title":"","footnotes":""},"categories":[5,4],"tags":[24],"class_list":["post-4671","post","type-post","status-publish","format-standard","hentry","category-archiv","category-verejnost","tag-dunaj"],"author_meta":{"display_name":"keysho","author_link":"https:\/\/www.lodenicaKVS.sk\/?author=1"},"featured_img":null,"coauthors":[],"tax_additional":{"categories":{"linked":["<a href=\"https:\/\/www.lodenicaKVS.sk\/?cat=5\" class=\"advgb-post-tax-term\">KV\u0160<\/a>","<a href=\"https:\/\/www.lodenicaKVS.sk\/?cat=4\" class=\"advgb-post-tax-term\">Verejnos\u0165<\/a>"],"unlinked":["<span class=\"advgb-post-tax-term\">KV\u0160<\/span>","<span class=\"advgb-post-tax-term\">Verejnos\u0165<\/span>"]},"tags":{"linked":["<a href=\"https:\/\/www.lodenicaKVS.sk\/?cat=4\" class=\"advgb-post-tax-term\">Dunaj<\/a>"],"unlinked":["<span class=\"advgb-post-tax-term\">Dunaj<\/span>"]}},"comment_count":"0","relative_dates":{"created":"Posted 2 roky ago","modified":"Updated 2 roky ago"},"absolute_dates":{"created":"Posted on 29.06.2024","modified":"Updated on 09.09.2024"},"absolute_dates_time":{"created":"Posted on 29.06.2024 20:24","modified":"Updated on 09.09.2024 17:13"},"featured_img_caption":"","series_order":"","_links":{"self":[{"href":"https:\/\/www.lodenicaKVS.sk\/index.php?rest_route=\/wp\/v2\/posts\/4671","targetHints":{"allow":["GET"]}}],"collection":[{"href":"https:\/\/www.lodenicaKVS.sk\/index.php?rest_route=\/wp\/v2\/posts"}],"about":[{"href":"https:\/\/www.lodenicaKVS.sk\/index.php?rest_route=\/wp\/v2\/types\/post"}],"author":[{"embeddable":true,"href":"https:\/\/www.lodenicaKVS.sk\/index.php?rest_route=\/wp\/v2\/users\/1"}],"replies":[{"embeddable":true,"href":"https:\/\/www.lodenicaKVS.sk\/index.php?rest_route=%2Fwp%2Fv2%2Fcomments&post=4671"}],"version-history":[{"count":1,"href":"https:\/\/www.lodenicaKVS.sk\/index.php?rest_route=\/wp\/v2\/posts\/4671\/revisions"}],"predecessor-version":[{"id":4675,"href":"https:\/\/www.lodenicaKVS.sk\/index.php?rest_route=\/wp\/v2\/posts\/4671\/revisions\/4675"}],"wp:attachment":[{"href":"https:\/\/www.lodenicaKVS.sk\/index.php?rest_route=%2Fwp%2Fv2%2Fmedia&parent=4671"}],"wp:term":[{"taxonomy":"category","embeddable":true,"href":"https:\/\/www.lodenicaKVS.sk\/index.php?rest_route=%2Fwp%2Fv2%2Fcategories&post=4671"},{"taxonomy":"post_tag","embeddable":true,"href":"https:\/\/www.lodenicaKVS.sk\/index.php?rest_route=%2Fwp%2Fv2%2Ftags&post=4671"}],"curies":[{"name":"wp","href":"https:\/\/api.w.org\/{rel}","templated":true}]}}