{"id":475,"date":"2002-03-07T16:01:50","date_gmt":"2002-03-07T15:01:50","guid":{"rendered":"http:\/\/www.lodenicaKVS.sk\/?p=475"},"modified":"2020-02-03T03:15:26","modified_gmt":"2020-02-03T02:15:26","slug":"rudava-2002","status":"publish","type":"post","link":"https:\/\/www.lodenicaKVS.sk\/?p=475","title":{"rendered":"Rudava 2002"},"content":{"rendered":"<p>5.4.-7.4.2002 Rudava<\/p>\n<p>Po vla\u0148aj\u0161ej absencii sme op\u00e4\u0165 i\u0161li splavi\u0165 Rudavu z Plav.Podhradia do Lev\u00e1r. Organiz\u00e1torom bol Ludv\u00edk Zeman z Vinohradov. Tentoraz n\u00e1s v\u0161ak bolo naozaj ne\u00farekom, 12 kanojek a jeden gum\u00e1k. Janko zobral svoje auto, lebo my sme sa u\u017e do dod\u00e1vky vraj nezmestili a tak sme cestovali v piatok podve\u010der spolu s Ivanom Saskom a Gabikou. Na fleku sme postavali stany, vyzeralo to ako prav\u00e1 Petr\u017ealka. Stan na stane, takmer pred ka\u017ed\u00fdm vchodom parkovalo auto. Dokonca sa muselo premiestni\u0165 ohnisko, aby sme sa v\u0161etcia okolo pomestili. Ludvo a \u010cerv\u00edk vytiahli gitary, Ringo basu a u\u017e sa muzic\u00edrovalo do neskor\u00fdch no\u010dn\u00fdch hod\u00edn.<\/p>\n<p>R\u00e1no sme sa zobudili do celkom slu\u0161nej zimy. Voda v bandask\u00e1ch bola zamrznut\u00e1. Pri ohni v\u0161ak bolo teplo. Vodi\u010di i\u0161li zavies\u0165 aut\u00e1 do Studienky a my ostatn\u00ed sme sa nachystali na vodu. O 11 hod sme vyrazili. Popadan\u00fdch stromov bolo ako obvykle. Gabika sa hne\u010f na za\u010diatku \u0161mykla na brehu a do pol stehien \u010dlupla do vody. \u0160p\u00e1rovci asi po hodine plavby prederavili lo\u010f, Elenka t\u00fa\u017eila po kol\u00edku ktor\u00fd bol naozaj pevn\u00fd. Skr\u00e1tka vybrala si kvalitu a kol\u00edk prerazil dno. V\u00fdsledkom bola diera o priemere 3 cm. Na\u0161\u0165astie niekto mal lepiacu p\u00e1sku a nejako to polepili. S Jankom sme obdivovali mal\u00fd gumov\u00fd kaja\u010dik, resp. majite\u013ea, ktor\u00fd to mal ako adrenal\u00ednov\u00fd \u0161port. Prepichnem \u010di neprepichnem? Kam dopl\u00e1vem? 3x lepil a nakoniec pred Studienkou sa aj cvakol. Bola riadna zima, z neba poletovalo \u010dosi biele. Nebol to ani popol ani \u010dere\u0161\u0148ov\u00e9 lupienky z kvetov. Ke\u010f zaf\u00fakalo, tuhla som v pr\u00e1ve nachadzaj\u00facej sa polohe. Aj som posledn\u00fd km chcela \u00eds\u0165 pe\u0161o po brehu. Na\u0161\u0165astie sme sa nek\u00fapali a o pol piatej sme pri\u0161li na t\u00e1borisko. Ve\u013ek\u00e1 vatra, tepl\u00fd fazu\u013eov\u00fd gul\u00e1\u0161 spolu s hor\u00facim \u010dajom a nejak\u00fdm dobr\u00fdm pit\u00edm roztopili na\u0161e skrehnut\u00e9 tel\u00e1. Pri\u0161li n\u00e1s pozrie\u0165 i Zolo a Jaro Onufer so Zdenkou a dc\u00e9rkou Silviou,&nbsp; ale i P\u00e1le\u0161ovci s Nat\u00e1lkou. Pr\u00edjemne sme pokecali. Medzit\u00fdm Brezi\u010dk\u00e1ri a kapela i\u0161li do kr\u010dmy, \u010do nezaregistroval \u010cerv\u00edk a preto narobil trochu rozruchu s jeho abstinen\u010dn\u00fdmi pr\u00edznakmi. E\u0161te dlho som sa preva\u013eovala v spac\u00e1ku, bolel ma cel\u00fd chrb\u00e1t, krk a hlava. A\u017e nad r\u00e1nom som dobre zaspala.<\/p>\n<p>Rozh\u00fdban\u00e1 kr\u010dn\u00e1 chrbtica sa neuk\u013eudnila ani cel\u00e9 nasleduj\u00facu doobedie. A\u017e na vode sa mi u\u013eavilo. Op\u00e4\u0165 sme vyrazili o 11 hod, pri\u010dom aut\u00e1 s vecami ostali v Studienke. Plavba bola pokojn\u00e1, u\u017e nebolo treba ani ve\u013emi prelieza\u0165 stromy. Pri brode sme si urobili ohn\u00edk a naobedovali sa. Do Lev\u00e1r sme pri\u0161li asi o 15:30 hod. Chlapci i\u0161li po aut\u00e1, my sme zatial vy\u010distili lode a opalovali sa na slnie\u010dku. \u0160p\u00e1ro do m\u0148a chv\u00ed\u013eu r\u00fdpal, asi Elenka u\u017e bola pre neho nezauj\u00edmav\u00e1 a Fr\u010dko sa venoval Zoretke.<\/p>\n<p>E\u0161te sme sa zastavili v Stupave v kr\u010dme, kde sme ukon\u010dili vydaren\u00fa akciu.<\/p>\n<p>&nbsp;<\/p>\n","protected":false},"excerpt":{"rendered":"<p>5.4.-7.4.2002 Rudava Po vla\u0148aj\u0161ej absencii sme op\u00e4\u0165 i\u0161li splavi\u0165 Rudavu z Plav.Podhradia do Lev\u00e1r. Organiz\u00e1torom bol Ludv\u00edk Zeman z Vinohradov. Tentoraz n\u00e1s v\u0161ak bolo naozaj ne\u00farekom, 12 kanojek a jeden gum\u00e1k. Janko zobral svoje auto, lebo my sme sa u\u017e do dod\u00e1vky vraj nezmestili a tak sme cestovali v piatok podve\u010der spolu s Ivanom Saskom&hellip;&nbsp;<a href=\"https:\/\/www.lodenicaKVS.sk\/?p=475\" rel=\"bookmark\">\u010c\u00edta\u0165 viac &raquo;<span class=\"screen-reader-text\">Rudava 2002<\/span><\/a><\/p>\n","protected":false},"author":1,"featured_media":0,"comment_status":"open","ping_status":"open","sticky":false,"template":"","format":"standard","meta":{"_crdt_document":"","advgb_blocks_editor_width":"","advgb_blocks_columns_visual_guide":"","neve_meta_sidebar":"","neve_meta_container":"","neve_meta_enable_content_width":"","neve_meta_content_width":0,"neve_meta_title_alignment":"","neve_meta_author_avatar":"","neve_post_elements_order":"","neve_meta_disable_header":"","neve_meta_disable_footer":"","neve_meta_disable_title":"","footnotes":""},"categories":[5],"tags":[],"class_list":["post-475","post","type-post","status-publish","format-standard","hentry","category-archiv"],"author_meta":{"display_name":"keysho","author_link":"https:\/\/www.lodenicaKVS.sk\/?author=1"},"featured_img":null,"coauthors":[],"tax_additional":{"categories":{"linked":["<a href=\"https:\/\/www.lodenicaKVS.sk\/?cat=5\" class=\"advgb-post-tax-term\">KV\u0160<\/a>"],"unlinked":["<span class=\"advgb-post-tax-term\">KV\u0160<\/span>"]}},"comment_count":"0","relative_dates":{"created":"Posted 24 rokov ago","modified":"Updated 6 rokov ago"},"absolute_dates":{"created":"Posted on 07.03.2002","modified":"Updated on 03.02.2020"},"absolute_dates_time":{"created":"Posted on 07.03.2002 16:01","modified":"Updated on 03.02.2020 03:15"},"featured_img_caption":"","series_order":"","_links":{"self":[{"href":"https:\/\/www.lodenicaKVS.sk\/index.php?rest_route=\/wp\/v2\/posts\/475","targetHints":{"allow":["GET"]}}],"collection":[{"href":"https:\/\/www.lodenicaKVS.sk\/index.php?rest_route=\/wp\/v2\/posts"}],"about":[{"href":"https:\/\/www.lodenicaKVS.sk\/index.php?rest_route=\/wp\/v2\/types\/post"}],"author":[{"embeddable":true,"href":"https:\/\/www.lodenicaKVS.sk\/index.php?rest_route=\/wp\/v2\/users\/1"}],"replies":[{"embeddable":true,"href":"https:\/\/www.lodenicaKVS.sk\/index.php?rest_route=%2Fwp%2Fv2%2Fcomments&post=475"}],"version-history":[{"count":2,"href":"https:\/\/www.lodenicaKVS.sk\/index.php?rest_route=\/wp\/v2\/posts\/475\/revisions"}],"predecessor-version":[{"id":2804,"href":"https:\/\/www.lodenicaKVS.sk\/index.php?rest_route=\/wp\/v2\/posts\/475\/revisions\/2804"}],"wp:attachment":[{"href":"https:\/\/www.lodenicaKVS.sk\/index.php?rest_route=%2Fwp%2Fv2%2Fmedia&parent=475"}],"wp:term":[{"taxonomy":"category","embeddable":true,"href":"https:\/\/www.lodenicaKVS.sk\/index.php?rest_route=%2Fwp%2Fv2%2Fcategories&post=475"},{"taxonomy":"post_tag","embeddable":true,"href":"https:\/\/www.lodenicaKVS.sk\/index.php?rest_route=%2Fwp%2Fv2%2Ftags&post=475"}],"curies":[{"name":"wp","href":"https:\/\/api.w.org\/{rel}","templated":true}]}}