{"id":5083,"date":"2026-09-01T10:34:00","date_gmt":"2026-09-01T08:34:00","guid":{"rendered":"https:\/\/www.lodenicaKVS.sk\/?p=5083"},"modified":"2026-09-01T10:34:01","modified_gmt":"2026-09-01T08:34:01","slug":"zamocka-dyje-splav-pre-verejnost","status":"publish","type":"post","link":"https:\/\/www.lodenicaKVS.sk\/?p=5083","title":{"rendered":"Z\u00e1mock\u00e1 Dyje &#8211; splav pre verejnos\u0165"},"content":{"rendered":"\n<p class=\"wp-block-paragraph\">V sobotu\u00a0<strong>19. 9. 2026<\/strong>\u00a0sa uskuto\u010dn\u00ed tradi\u010dn\u00fd\u00a0<strong>otvoren\u00fd splav pre verejnos\u0165 \u2013 Z\u00e1mock\u00e1 Dyje<\/strong>, organizovan\u00fd\u00a0<strong>Klubom vodn\u00fdch \u0161portov Karlova Ves<\/strong>.<\/p>\n\n\n\n<p class=\"wp-block-paragraph\">&#x1f6a3;<strong>Trasa:<\/strong>&nbsp;Bulhary \u2013 L\u00e1densk\u00fd most, po kan\u00e1li cez Lednicko-valtick\u00fd are\u00e1l<\/p>\n\n\n\n<p class=\"wp-block-paragraph\"><strong>Program:<\/strong><\/p>\n\n\n\n<ul class=\"wp-block-list\">\n<li><strong>8:00<\/strong>\u00a0\u2013 zraz na lodenici a za\u010diatok nav\u00e4zovania lod\u00ed<\/li>\n\n\n\n<li><strong>9:00<\/strong>\u00a0\u2013 odchod autobusom<\/li>\n\n\n\n<li><strong>cca\u00a019:00<\/strong>\u00a0\u2013 n\u00e1vrat na lodenicu<\/li>\n<\/ul>\n\n\n\n<p class=\"wp-block-paragraph\"><strong>Kapacita:<\/strong>&nbsp;50 miest<br><strong>Cena splavu:<\/strong>&nbsp;20 \u20ac<\/p>\n\n\n\n<p class=\"wp-block-paragraph\">&#x1f37d;&#xfe0f;&nbsp;<strong>Stravovanie:<\/strong><br>Jedlo a pitie odpor\u00fa\u010dame vzia\u0165 si so sebou, ke\u010f\u017ee mo\u017enosti stravovania po\u010das splavu s\u00fa obmedzen\u00e9. Pribli\u017ene v prvej tretine trasy bude mo\u017enos\u0165 nie\u010do si objedna\u0165.<\/p>\n\n\n\n<p class=\"wp-block-paragraph\">&#x1f4e9;&nbsp;<strong>Prihlasovanie a inform\u00e1cie:<\/strong><br><a href=\"mailto:martin.cajagi@gmail.com\">martin.cajagi@gmail.com<\/a><\/p>\n\n\n\n<p class=\"wp-block-paragraph\"><\/p>\n","protected":false},"excerpt":{"rendered":"<p>V sobotu\u00a019. 9. 2026\u00a0sa uskuto\u010dn\u00ed tradi\u010dn\u00fd\u00a0otvoren\u00fd splav pre verejnos\u0165 \u2013 Z\u00e1mock\u00e1 Dyje, organizovan\u00fd\u00a0Klubom vodn\u00fdch \u0161portov Karlova Ves. &#x1f6a3;Trasa:&nbsp;Bulhary \u2013 L\u00e1densk\u00fd most, po kan\u00e1li cez Lednicko-valtick\u00fd are\u00e1l Program: Kapacita:&nbsp;50 miestCena splavu:&nbsp;20 \u20ac &#x1f37d;&#xfe0f;&nbsp;Stravovanie:Jedlo a pitie odpor\u00fa\u010dame vzia\u0165 si so sebou, ke\u010f\u017ee mo\u017enosti stravovania po\u010das splavu s\u00fa obmedzen\u00e9. Pribli\u017ene v prvej tretine trasy bude mo\u017enos\u0165 nie\u010do si&hellip;&nbsp;<a href=\"https:\/\/www.lodenicaKVS.sk\/?p=5083\" rel=\"bookmark\">\u010c\u00edta\u0165 viac &raquo;<span class=\"screen-reader-text\">Z\u00e1mock\u00e1 Dyje &#8211; splav pre verejnos\u0165<\/span><\/a><\/p>\n","protected":false},"author":1,"featured_media":0,"comment_status":"closed","ping_status":"closed","sticky":false,"template":"","format":"standard","meta":{"advgb_blocks_editor_width":"","advgb_blocks_columns_visual_guide":"","neve_meta_sidebar":"","neve_meta_container":"","neve_meta_enable_content_width":"","neve_meta_content_width":0,"neve_meta_title_alignment":"","neve_meta_author_avatar":"","neve_post_elements_order":"","neve_meta_disable_header":"","neve_meta_disable_footer":"","neve_meta_disable_title":"","footnotes":""},"categories":[5,4],"tags":[237],"class_list":["post-5083","post","type-post","status-publish","format-standard","hentry","category-archiv","category-verejnost","tag-dyje"],"author_meta":{"display_name":"keysho","author_link":"https:\/\/www.lodenicaKVS.sk\/?author=1"},"featured_img":null,"coauthors":[],"tax_additional":{"categories":{"linked":["<a href=\"https:\/\/www.lodenicaKVS.sk\/?cat=5\" class=\"advgb-post-tax-term\">KV\u0160<\/a>","<a href=\"https:\/\/www.lodenicaKVS.sk\/?cat=4\" class=\"advgb-post-tax-term\">Verejnos\u0165<\/a>"],"unlinked":["<span class=\"advgb-post-tax-term\">KV\u0160<\/span>","<span class=\"advgb-post-tax-term\">Verejnos\u0165<\/span>"]},"tags":{"linked":["<a href=\"https:\/\/www.lodenicaKVS.sk\/?cat=4\" class=\"advgb-post-tax-term\">Dyje<\/a>"],"unlinked":["<span class=\"advgb-post-tax-term\">Dyje<\/span>"]}},"comment_count":"0","relative_dates":{"created":"Posted 3 dni ago","modified":"Updated 3 dni ago"},"absolute_dates":{"created":"Posted on 01.09.2026","modified":"Updated on 01.09.2026"},"absolute_dates_time":{"created":"Posted on 01.09.2026 10:34","modified":"Updated on 01.09.2026 10:34"},"featured_img_caption":"","series_order":"","_links":{"self":[{"href":"https:\/\/www.lodenicaKVS.sk\/index.php?rest_route=\/wp\/v2\/posts\/5083","targetHints":{"allow":["GET"]}}],"collection":[{"href":"https:\/\/www.lodenicaKVS.sk\/index.php?rest_route=\/wp\/v2\/posts"}],"about":[{"href":"https:\/\/www.lodenicaKVS.sk\/index.php?rest_route=\/wp\/v2\/types\/post"}],"author":[{"embeddable":true,"href":"https:\/\/www.lodenicaKVS.sk\/index.php?rest_route=\/wp\/v2\/users\/1"}],"replies":[{"embeddable":true,"href":"https:\/\/www.lodenicaKVS.sk\/index.php?rest_route=%2Fwp%2Fv2%2Fcomments&post=5083"}],"version-history":[{"count":1,"href":"https:\/\/www.lodenicaKVS.sk\/index.php?rest_route=\/wp\/v2\/posts\/5083\/revisions"}],"predecessor-version":[{"id":5084,"href":"https:\/\/www.lodenicaKVS.sk\/index.php?rest_route=\/wp\/v2\/posts\/5083\/revisions\/5084"}],"wp:attachment":[{"href":"https:\/\/www.lodenicaKVS.sk\/index.php?rest_route=%2Fwp%2Fv2%2Fmedia&parent=5083"}],"wp:term":[{"taxonomy":"category","embeddable":true,"href":"https:\/\/www.lodenicaKVS.sk\/index.php?rest_route=%2Fwp%2Fv2%2Fcategories&post=5083"},{"taxonomy":"post_tag","embeddable":true,"href":"https:\/\/www.lodenicaKVS.sk\/index.php?rest_route=%2Fwp%2Fv2%2Ftags&post=5083"}],"curies":[{"name":"wp","href":"https:\/\/api.w.org\/{rel}","templated":true}]}}