{"id":570,"date":"2011-12-03T22:07:34","date_gmt":"2011-12-03T21:07:34","guid":{"rendered":"http:\/\/www.lodenicaKVS.sk\/?p=570"},"modified":"2017-10-30T23:34:47","modified_gmt":"2017-10-30T22:34:47","slug":"najlepsia-sportova-fotografia-roka-2011","status":"publish","type":"post","link":"https:\/\/www.lodenicaKVS.sk\/?p=570","title":{"rendered":"Najlep\u0161ia \u0161portov\u00e1 fotografia roka 2011"},"content":{"rendered":"<p>Fotky, rozhovory, vesel\u00e1 z\u00e1bava, pivo, klob\u00e1sky, kol\u00e1\u010diky, d\u017e\u00fas. A k tomu drsn\u00ed chlapci, nemenej odv\u00e1\u017ene diev\u010dat\u00e1. Tak\u00e1 bola aj tohtoro\u010dn\u00e1 fotos\u00fa\u0165a\u017e Najlep\u0161ia \u0161portov\u00e1 fotografia roka. Predov\u0161etk\u00fdm je to toti\u017e ka\u017edoro\u010dn\u00e9 stretnutie horolezcov, vod\u00e1kov, cestovate\u013eov, turistov. A tak aj v tomto roku to bolo, v\u010faka t\u00fdmto \u013eu\u010fom s rovnakou ,,krvnou skupinou\u201c, op\u00e4\u0165 \u00fa\u017easn\u00e9 podujatie. Zainteresovan\u00ed vedia, \u017ee pr\u00e1ve preto treba pr\u00eds\u0165 s fotografiami osobne. Aby sa v\u0161etci z r\u00f4znych outdoorov\u00fdch \u0161portov stretli a pospom\u00ednali, \u010do kto adrenal\u00ednov\u00e9 za\u017eil, \u010do vyliezol, ak\u00fa rieku splavil, kde dral cestovate\u013esk\u00e9 top\u00e1nky. Aj v tomto roku sa v\u0161etko toto splnilo a po vyhodnoten\u00ed fotos\u00fa\u0165a\u017ee napokon vypukla aj dobr\u00e1, neviazan\u00e1 z\u00e1bava. T\u00e1 tohtoro\u010dn\u00e1 sa skon\u010dila o tretej nadr\u00e1nom.<\/p>\n<p><a href=\"http:\/\/www.lodenicaKVS.sk\/wp-content\/uploads\/2011\/12\/sella024.jpg\"><img fetchpriority=\"high\" decoding=\"async\" class=\"alignnone size-large wp-image-574\" title=\"sella024\" src=\"http:\/\/www.lodenicaKVS.sk\/wp-content\/uploads\/2011\/12\/sella024-1024x680.jpg\" alt=\"\" width=\"590\" height=\"391\" srcset=\"https:\/\/www.lodenicaKVS.sk\/wp-content\/uploads\/2011\/12\/sella024-1024x680.jpg 1024w, https:\/\/www.lodenicaKVS.sk\/wp-content\/uploads\/2011\/12\/sella024-300x199.jpg 300w, https:\/\/www.lodenicaKVS.sk\/wp-content\/uploads\/2011\/12\/sella024-768x510.jpg 768w, https:\/\/www.lodenicaKVS.sk\/wp-content\/uploads\/2011\/12\/sella024-1536x1020.jpg 1536w, https:\/\/www.lodenicaKVS.sk\/wp-content\/uploads\/2011\/12\/sella024.jpg 1542w\" sizes=\"(max-width: 590px) 100vw, 590px\" \/><\/a><\/p>\n<p>Stru\u010dne &#8211; aj 12. ro\u010dn\u00edk s\u00fa\u0165a\u017ee pre amat\u00e9rov fotografov, milovn\u00edkov \u0161portu a pr\u00edrody sa te\u0161il ve\u013ek\u00e9mu z\u00e1ujmu. Lodenica KV\u0160 v Karlovej Vsi sa naplnila na prasknutie. Na \u00favod sa nenarazil len prv\u00fd sud piva, ale sl\u00e1vnostn\u00e9 otvorenie okorenil Vod\u00e1k-sport becherovkou. Porota pod veden\u00edm Pa\u013ea Breiera sa zhostila n\u00e1ro\u010dnej \u00falohy &#8211; pribli\u017ene za hodinu vybra\u0165 v ka\u017edej z piatich s\u00fa\u0165a\u017en\u00fdch kateg\u00f3ri\u00ed najlep\u0161ie fotografie.<\/p>\n<p>S\u00fa\u0165a\u017eilo sa v kateg\u00f3rii Vod\u00e1cka \u0161portov\u00e1 fotografia, \u0160port na skale, zemi a vo vzduchu, \u010clovek a pr\u00edroda a na tento rok bola vyp\u00edsan\u00e1 aj kateg\u00f3ria \u0160port a fauna, fl\u00f3ra \u2013 prekvapuj\u00face stretnutie na fotografii. Nech\u00fdbala ani kateg\u00f3ria Fun \u2013 \u0161port a n\u00e1vykov\u00e9 l\u00e1tky.<\/p>\n<p>Po vyhodnoten\u00ed boli diskusie pre\u010do t\u00e1, \u010di on\u00e1 fotografia nevyhrala, pre\u010do nie je prv\u00e1, ale piata&#8230; A porotcovia vysvet\u013eovali, trocha sa polemizovalo, ale napokon sa v\u0161etci svorne dobre zabavili a sudy piva sa vypili, klob\u00e1sky zjedli.<\/p>\n<p><a href=\"http:\/\/www.lodenicaKVS.sk\/wp-content\/uploads\/2011\/12\/sella044.jpg\"><img decoding=\"async\" class=\"alignnone size-large wp-image-576\" title=\"sella044\" src=\"http:\/\/www.lodenicaKVS.sk\/wp-content\/uploads\/2011\/12\/sella044-1024x680.jpg\" alt=\"\" width=\"590\" height=\"391\" srcset=\"https:\/\/www.lodenicaKVS.sk\/wp-content\/uploads\/2011\/12\/sella044-1024x680.jpg 1024w, https:\/\/www.lodenicaKVS.sk\/wp-content\/uploads\/2011\/12\/sella044-300x199.jpg 300w, https:\/\/www.lodenicaKVS.sk\/wp-content\/uploads\/2011\/12\/sella044-768x510.jpg 768w, https:\/\/www.lodenicaKVS.sk\/wp-content\/uploads\/2011\/12\/sella044-1536x1020.jpg 1536w, https:\/\/www.lodenicaKVS.sk\/wp-content\/uploads\/2011\/12\/sella044.jpg 1542w\" sizes=\"(max-width: 590px) 100vw, 590px\" \/><\/a><\/p>\n<p>A \u010do sa t\u00fdka samotnej s\u00fa\u0165a\u017ee: \u00farove\u0148 fotografi\u00ed op\u00e4\u0165 vzr\u00e1stla a d\u00f4le\u017eit\u00e9 je, \u017ee medzi s\u00fa\u0165a\u017eiacimi fotografmi \u2013 amat\u00e9rmi sa objavili nov\u00e9 tv\u00e1re a viacer\u00ed z nich z\u00edskali ocenenia. A to je podnet pre v\u0161etk\u00fdch, ktor\u00fdm pri adrenal\u00ednov\u00fdch \u0161portoch a potulk\u00e1ch v pr\u00edrode nech\u00fdba fotoapar\u00e1t \u2013 pr\u00ed\u010fte si o rok zmera\u0165 schopnos\u0165 vedie\u0165 v prav\u00fa chv\u00ed\u013eu stla\u010di\u0165 sp\u00fa\u0161\u0165. Ur\u010dite sa v\u00e1m to vyplat\u00ed.<\/p>\n<p>Ocenen\u00e9 fotografie v jednotliv\u00fdch kateg\u00f3riach n\u00e1jdete <a href=\"http:\/\/www.geronimo.sk\/?cat=212\">tu<\/a>.<\/p>\n<p>Fotodokument\u00e1ciu ako bolo n\u00e1jdete <a href=\"http:\/\/www.geronimo.sk\/?p=2865\">tu<\/a>.<\/p>\n<p style=\"text-align: right;\"><em>Juraj Pucher<\/em><\/p>\n<h3>E\u0161te dve po\u010fakovania<\/h3>\n<p><strong>Sponzorom<\/strong>:<\/p>\n<ul>\n<li>Mercedes<\/li>\n<li>Vod\u00e1k sport<\/li>\n<li>Ford Slovakia<\/li>\n<li>Lezeck\u00e9 centrum Vertigo<\/li>\n<li>Autopolis<\/li>\n<li>SHS James<\/li>\n<li>Autoimpex<\/li>\n<li>AAC Tour<\/li>\n<li>De\u017eo Pusztai<\/li>\n<li>Hubert, s.r.o<\/li>\n<li>Allianz \u2013 Slovensk\u00e1 pois\u0165ov\u0148a<\/li>\n<li>Ewopharma<\/li>\n<li>Treksport<\/li>\n<li>M\u00e4siarstvo Urb\u00e1nek<\/li>\n<li>P\u00e1lenica Jahmal<\/li>\n<li>Paddler Club &#038; Cafe &#038; Hostel**<\/li>\n<\/ul>\n<p><strong>Porotcom<\/strong>:<\/p>\n<ul>\n<li>Pavol Breier<\/li>\n<li>Alan Hy\u017ea<\/li>\n<li>Alino Voj\u010dek<\/li>\n<\/ul>\n<p><strong>Foto z podujatia<\/strong>: Peter Harga\u0161, Matej Fabianek<\/p>\n","protected":false},"excerpt":{"rendered":"<p>Fotky, rozhovory, vesel\u00e1 z\u00e1bava, pivo, klob\u00e1sky, kol\u00e1\u010diky, d\u017e\u00fas. A k tomu drsn\u00ed chlapci, nemenej odv\u00e1\u017ene diev\u010dat\u00e1. Tak\u00e1 bola aj tohtoro\u010dn\u00e1 fotos\u00fa\u0165a\u017e Najlep\u0161ia \u0161portov\u00e1 fotografia roka. Predov\u0161etk\u00fdm je to toti\u017e ka\u017edoro\u010dn\u00e9 stretnutie horolezcov, vod\u00e1kov, cestovate\u013eov, turistov. A tak aj v tomto roku to bolo, v\u010faka t\u00fdmto \u013eu\u010fom s rovnakou ,,krvnou skupinou\u201c, op\u00e4\u0165 \u00fa\u017easn\u00e9 podujatie. Zainteresovan\u00ed vedia,&hellip;&nbsp;<a href=\"https:\/\/www.lodenicaKVS.sk\/?p=570\" rel=\"bookmark\">\u010c\u00edta\u0165 viac &raquo;<span class=\"screen-reader-text\">Najlep\u0161ia \u0161portov\u00e1 fotografia roka 2011<\/span><\/a><\/p>\n","protected":false},"author":1,"featured_media":576,"comment_status":"open","ping_status":"open","sticky":false,"template":"","format":"standard","meta":{"_crdt_document":"","advgb_blocks_editor_width":"","advgb_blocks_columns_visual_guide":"","neve_meta_sidebar":"","neve_meta_container":"","neve_meta_enable_content_width":"","neve_meta_content_width":0,"neve_meta_title_alignment":"","neve_meta_author_avatar":"","neve_post_elements_order":"","neve_meta_disable_header":"","neve_meta_disable_footer":"","neve_meta_disable_title":"","footnotes":""},"categories":[223,5,4],"tags":[209],"class_list":["post-570","post","type-post","status-publish","format-standard","has-post-thumbnail","hentry","category-fotosutaz","category-archiv","category-verejnost","tag-fotosutaz"],"author_meta":{"display_name":"keysho","author_link":"https:\/\/www.lodenicaKVS.sk\/?author=1"},"featured_img":"https:\/\/www.lodenicaKVS.sk\/wp-content\/uploads\/2011\/12\/sella044-300x199.jpg","coauthors":[],"tax_additional":{"categories":{"linked":["<a href=\"https:\/\/www.lodenicaKVS.sk\/?cat=223\" class=\"advgb-post-tax-term\">Fotos\u00fa\u0165a\u017e<\/a>","<a href=\"https:\/\/www.lodenicaKVS.sk\/?cat=5\" class=\"advgb-post-tax-term\">KV\u0160<\/a>","<a href=\"https:\/\/www.lodenicaKVS.sk\/?cat=4\" class=\"advgb-post-tax-term\">Verejnos\u0165<\/a>"],"unlinked":["<span class=\"advgb-post-tax-term\">Fotos\u00fa\u0165a\u017e<\/span>","<span class=\"advgb-post-tax-term\">KV\u0160<\/span>","<span class=\"advgb-post-tax-term\">Verejnos\u0165<\/span>"]},"tags":{"linked":["<a href=\"https:\/\/www.lodenicaKVS.sk\/?cat=4\" class=\"advgb-post-tax-term\">fotos\u00fa\u0165a\u017e<\/a>"],"unlinked":["<span class=\"advgb-post-tax-term\">fotos\u00fa\u0165a\u017e<\/span>"]}},"comment_count":"0","relative_dates":{"created":"Posted 14 rokov ago","modified":"Updated 9 rokov ago"},"absolute_dates":{"created":"Posted on 03.12.2011","modified":"Updated on 30.10.2017"},"absolute_dates_time":{"created":"Posted on 03.12.2011 22:07","modified":"Updated on 30.10.2017 23:34"},"featured_img_caption":"","series_order":"","_links":{"self":[{"href":"https:\/\/www.lodenicaKVS.sk\/index.php?rest_route=\/wp\/v2\/posts\/570","targetHints":{"allow":["GET"]}}],"collection":[{"href":"https:\/\/www.lodenicaKVS.sk\/index.php?rest_route=\/wp\/v2\/posts"}],"about":[{"href":"https:\/\/www.lodenicaKVS.sk\/index.php?rest_route=\/wp\/v2\/types\/post"}],"author":[{"embeddable":true,"href":"https:\/\/www.lodenicaKVS.sk\/index.php?rest_route=\/wp\/v2\/users\/1"}],"replies":[{"embeddable":true,"href":"https:\/\/www.lodenicaKVS.sk\/index.php?rest_route=%2Fwp%2Fv2%2Fcomments&post=570"}],"version-history":[{"count":9,"href":"https:\/\/www.lodenicaKVS.sk\/index.php?rest_route=\/wp\/v2\/posts\/570\/revisions"}],"predecessor-version":[{"id":2394,"href":"https:\/\/www.lodenicaKVS.sk\/index.php?rest_route=\/wp\/v2\/posts\/570\/revisions\/2394"}],"wp:featuredmedia":[{"embeddable":true,"href":"https:\/\/www.lodenicaKVS.sk\/index.php?rest_route=\/wp\/v2\/media\/576"}],"wp:attachment":[{"href":"https:\/\/www.lodenicaKVS.sk\/index.php?rest_route=%2Fwp%2Fv2%2Fmedia&parent=570"}],"wp:term":[{"taxonomy":"category","embeddable":true,"href":"https:\/\/www.lodenicaKVS.sk\/index.php?rest_route=%2Fwp%2Fv2%2Fcategories&post=570"},{"taxonomy":"post_tag","embeddable":true,"href":"https:\/\/www.lodenicaKVS.sk\/index.php?rest_route=%2Fwp%2Fv2%2Ftags&post=570"}],"curies":[{"name":"wp","href":"https:\/\/api.w.org\/{rel}","templated":true}]}}