{"id":888,"date":"2012-12-01T08:44:35","date_gmt":"2012-12-01T07:44:35","guid":{"rendered":"http:\/\/www.lodenicaKVS.sk\/?p=888"},"modified":"2012-12-11T23:57:58","modified_gmt":"2012-12-11T22:57:58","slug":"emocie-pri-sporte-2012","status":"publish","type":"post","link":"https:\/\/www.lodenicaKVS.sk\/?p=888","title":{"rendered":"Em\u00f3cie pri \u0161porte 2012"},"content":{"rendered":"<p>1. Vlado Ceniga &#8211; James Bratislava<\/p>\n<p><a href=\"http:\/\/www.geronimo.sk\/wp-content\/uploads\/2012\/12\/emocie_01.jpg\"><img fetchpriority=\"high\" decoding=\"async\" title=\"emocie_01\" alt=\"\" src=\"http:\/\/www.geronimo.sk\/wp-content\/uploads\/2012\/12\/emocie_01-494x364.jpg\" width=\"494\" height=\"364\" \/><\/a><\/p>\n<p>2. Jana Teke\u013eov\u00e1 &#8211; KV\u0160 Karlova Ves<\/p>\n<p><a href=\"http:\/\/www.geronimo.sk\/wp-content\/uploads\/2012\/12\/emocie_02.jpg\"><img decoding=\"async\" title=\"emocie_02\" alt=\"\" src=\"http:\/\/www.geronimo.sk\/wp-content\/uploads\/2012\/12\/emocie_02-494x370.jpg\" width=\"494\" height=\"370\" \/><\/a><\/p>\n<p>3. Laco Cesnak &#8211; Skrachovanci<\/p>\n<p><a href=\"http:\/\/www.geronimo.sk\/wp-content\/uploads\/2012\/12\/emocie_03.jpg\"><img decoding=\"async\" title=\"emocie_03\" alt=\"\" src=\"http:\/\/www.geronimo.sk\/wp-content\/uploads\/2012\/12\/emocie_03-494x334.jpg\" width=\"494\" height=\"334\" \/><\/a><\/p>\n<p>4. Du\u0161an Trochta &#8211; neorganizovan\u00fd<\/p>\n<p><a href=\"http:\/\/www.geronimo.sk\/wp-content\/uploads\/2012\/12\/emocie_04.jpg\"><img loading=\"lazy\" decoding=\"async\" title=\"emocie_04\" alt=\"\" src=\"http:\/\/www.geronimo.sk\/wp-content\/uploads\/2012\/12\/emocie_04-494x369.jpg\" width=\"494\" height=\"369\" \/><\/a><\/p>\n<p>5. Martin Vavr\u00edk &#8211; Dunaj\u010d\u00edk<\/p>\n<p><a href=\"http:\/\/www.geronimo.sk\/wp-content\/uploads\/2012\/12\/emocie_05.jpg\"><img loading=\"lazy\" decoding=\"async\" title=\"emocie_05\" alt=\"\" src=\"http:\/\/www.geronimo.sk\/wp-content\/uploads\/2012\/12\/emocie_05-494x335.jpg\" width=\"494\" height=\"335\" \/><\/a><\/p>\n<p>6. Peter Harga\u0161 &#8211; James<\/p>\n<p><a href=\"http:\/\/www.geronimo.sk\/wp-content\/uploads\/2012\/12\/emocie_06.jpg\"><img loading=\"lazy\" decoding=\"async\" title=\"emocie_06\" alt=\"\" src=\"http:\/\/www.geronimo.sk\/wp-content\/uploads\/2012\/12\/emocie_06-494x359.jpg\" width=\"494\" height=\"359\" \/><\/a><\/p>\n<p>7. Martin \u0160perka &#8211; Sl\u00e1via STU<\/p>\n<p><a href=\"http:\/\/www.geronimo.sk\/wp-content\/uploads\/2012\/12\/emocie_07.jpg\"><img loading=\"lazy\" decoding=\"async\" title=\"emocie_07\" alt=\"\" src=\"http:\/\/www.geronimo.sk\/wp-content\/uploads\/2012\/12\/emocie_07-494x328.jpg\" width=\"494\" height=\"328\" \/><\/a><\/p>\n<p>8. Patrik Vachal\u00edk &#8211; neorganizovan\u00fd<\/p>\n<p><a href=\"http:\/\/www.geronimo.sk\/wp-content\/uploads\/2012\/12\/emocie_08.jpg\"><img loading=\"lazy\" decoding=\"async\" title=\"emocie_08\" alt=\"\" src=\"http:\/\/www.geronimo.sk\/wp-content\/uploads\/2012\/12\/emocie_08-494x329.jpg\" width=\"494\" height=\"329\" \/><\/a><\/p>\n<p>9. Oliver Vyslou\u017eil &#8211; neorganizovan\u00fd<\/p>\n<p><a href=\"http:\/\/www.geronimo.sk\/wp-content\/uploads\/2012\/12\/emocie_09.jpg\"><img loading=\"lazy\" decoding=\"async\" title=\"emocie_09\" alt=\"\" src=\"http:\/\/www.geronimo.sk\/wp-content\/uploads\/2012\/12\/emocie_09-494x335.jpg\" width=\"494\" height=\"335\" \/><\/a><\/p>\n<p>10. Petra Figuschov\u00e1 &#8211; neorganizovan\u00e1<\/p>\n<p><a href=\"http:\/\/www.geronimo.sk\/wp-content\/uploads\/2012\/12\/emocie_10.jpg\"><img loading=\"lazy\" decoding=\"async\" title=\"emocie_10\" alt=\"\" src=\"http:\/\/www.geronimo.sk\/wp-content\/uploads\/2012\/12\/emocie_10-494x336.jpg\" width=\"494\" height=\"336\" \/><\/a><\/p>\n<p>&nbsp;<\/p>\n","protected":false},"excerpt":{"rendered":"<p>1. Vlado Ceniga &#8211; James Bratislava 2. Jana Teke\u013eov\u00e1 &#8211; KV\u0160 Karlova Ves 3. Laco Cesnak &#8211; Skrachovanci 4. Du\u0161an Trochta &#8211; neorganizovan\u00fd 5. Martin Vavr\u00edk &#8211; Dunaj\u010d\u00edk 6. Peter Harga\u0161 &#8211; James 7. Martin \u0160perka &#8211; Sl\u00e1via STU 8. Patrik Vachal\u00edk &#8211; neorganizovan\u00fd 9. Oliver Vyslou\u017eil &#8211; neorganizovan\u00fd 10. Petra Figuschov\u00e1 &#8211; neorganizovan\u00e1 &nbsp;<\/p>\n","protected":false},"author":1,"featured_media":891,"comment_status":"open","ping_status":"open","sticky":false,"template":"","format":"standard","meta":{"_crdt_document":"","advgb_blocks_editor_width":"","advgb_blocks_columns_visual_guide":"","neve_meta_sidebar":"","neve_meta_container":"","neve_meta_enable_content_width":"","neve_meta_content_width":0,"neve_meta_title_alignment":"","neve_meta_author_avatar":"","neve_post_elements_order":"","neve_meta_disable_header":"","neve_meta_disable_footer":"","neve_meta_disable_title":"","footnotes":""},"categories":[5,4],"tags":[],"class_list":["post-888","post","type-post","status-publish","format-standard","has-post-thumbnail","hentry","category-archiv","category-verejnost"],"author_meta":{"display_name":"keysho","author_link":"https:\/\/www.lodenicaKVS.sk\/?author=1"},"featured_img":"https:\/\/www.lodenicaKVS.sk\/wp-content\/uploads\/2012\/12\/emocie_04-300x224.jpg","coauthors":[],"tax_additional":{"categories":{"linked":["<a href=\"https:\/\/www.lodenicaKVS.sk\/?cat=5\" class=\"advgb-post-tax-term\">KV\u0160<\/a>","<a href=\"https:\/\/www.lodenicaKVS.sk\/?cat=4\" class=\"advgb-post-tax-term\">Verejnos\u0165<\/a>"],"unlinked":["<span class=\"advgb-post-tax-term\">KV\u0160<\/span>","<span class=\"advgb-post-tax-term\">Verejnos\u0165<\/span>"]}},"comment_count":"0","relative_dates":{"created":"Posted 13 rokov ago","modified":"Updated 13 rokov ago"},"absolute_dates":{"created":"Posted on 01.12.2012","modified":"Updated on 11.12.2012"},"absolute_dates_time":{"created":"Posted on 01.12.2012 08:44","modified":"Updated on 11.12.2012 23:57"},"featured_img_caption":"","series_order":"","_links":{"self":[{"href":"https:\/\/www.lodenicaKVS.sk\/index.php?rest_route=\/wp\/v2\/posts\/888","targetHints":{"allow":["GET"]}}],"collection":[{"href":"https:\/\/www.lodenicaKVS.sk\/index.php?rest_route=\/wp\/v2\/posts"}],"about":[{"href":"https:\/\/www.lodenicaKVS.sk\/index.php?rest_route=\/wp\/v2\/types\/post"}],"author":[{"embeddable":true,"href":"https:\/\/www.lodenicaKVS.sk\/index.php?rest_route=\/wp\/v2\/users\/1"}],"replies":[{"embeddable":true,"href":"https:\/\/www.lodenicaKVS.sk\/index.php?rest_route=%2Fwp%2Fv2%2Fcomments&post=888"}],"version-history":[{"count":4,"href":"https:\/\/www.lodenicaKVS.sk\/index.php?rest_route=\/wp\/v2\/posts\/888\/revisions"}],"predecessor-version":[{"id":897,"href":"https:\/\/www.lodenicaKVS.sk\/index.php?rest_route=\/wp\/v2\/posts\/888\/revisions\/897"}],"wp:featuredmedia":[{"embeddable":true,"href":"https:\/\/www.lodenicaKVS.sk\/index.php?rest_route=\/wp\/v2\/media\/891"}],"wp:attachment":[{"href":"https:\/\/www.lodenicaKVS.sk\/index.php?rest_route=%2Fwp%2Fv2%2Fmedia&parent=888"}],"wp:term":[{"taxonomy":"category","embeddable":true,"href":"https:\/\/www.lodenicaKVS.sk\/index.php?rest_route=%2Fwp%2Fv2%2Fcategories&post=888"},{"taxonomy":"post_tag","embeddable":true,"href":"https:\/\/www.lodenicaKVS.sk\/index.php?rest_route=%2Fwp%2Fv2%2Ftags&post=888"}],"curies":[{"name":"wp","href":"https:\/\/api.w.org\/{rel}","templated":true}]}}